{"id":7521,"date":"2022-05-17T12:04:33","date_gmt":"2022-05-17T15:04:33","guid":{"rendered":"http:\/\/www.obispadorqta.org.ar\/v3\/?p=7521"},"modified":"2022-05-17T13:48:04","modified_gmt":"2022-05-17T16:48:04","slug":"diplomatura-en-pentecostalidad","status":"publish","type":"post","link":"https:\/\/www.obispadorqta.org.ar\/v3\/diplomatura-en-pentecostalidad\/","title":{"rendered":"DIPLOMATURA EN PENTECOSTALIDAD"},"content":{"rendered":"<p style=\"text-align: justify;\">A nivel continental se iniciar\u00e1 pronto una Diplomatura en Pentecostalidad, avalada por distintos organismos, con sentido ecum\u00e9nico.<\/p>\n<p style=\"text-align: justify;\">Participa como profesor nuestro obispo, Mons. Dr. \u00c1ngel Jos\u00e9 Mac\u00edn.<\/p>\n<p style=\"text-align: justify;\">Para m\u00e1s informaci\u00f3n, ver video tutorial.<\/p>\n<p><a href=\"https:\/\/www.youtube.com\/watch?v=jgjgdblENqI\">https:\/\/www.youtube.com\/watch?v=jgjgdblENqI<\/a><\/p>\n<p><a href=\"https:\/\/www.obispadorqta.org.ar\/v3\/wp-content\/uploads\/2022\/05\/Diplomado-en-Pentecostalidad.pdf\"><span style=\"color: #000000;\">Compartimos material referido a la diplomatura: HACER CLICK AQU\u00cd:<\/span>\u00a0Diplomado en Pentecostalidad<\/a><\/p>\n\n\n<p><\/p>\n","protected":false},"excerpt":{"rendered":"<div class=\"mh-excerpt\"><p>A nivel continental se iniciar\u00e1 pronto una Diplomatura en Pentecostalidad, avalada por distintos organismos, con sentido ecum\u00e9nico. Participa como profesor nuestro obispo, Mons. Dr. \u00c1ngel <a class=\"mh-excerpt-more\" href=\"https:\/\/www.obispadorqta.org.ar\/v3\/diplomatura-en-pentecostalidad\/\" title=\"DIPLOMATURA EN PENTECOSTALIDAD\">[&#8230;]<\/a><\/p>\n<\/div>","protected":false},"author":3,"featured_media":7531,"comment_status":"closed","ping_status":"open","sticky":false,"template":"","format":"standard","meta":{"footnotes":""},"categories":[6,28],"tags":[],"class_list":["post-7521","post","type-post","status-publish","format-standard","has-post-thumbnail","hentry","category-news","category-latest-news"],"_links":{"self":[{"href":"https:\/\/www.obispadorqta.org.ar\/v3\/wp-json\/wp\/v2\/posts\/7521","targetHints":{"allow":["GET"]}}],"collection":[{"href":"https:\/\/www.obispadorqta.org.ar\/v3\/wp-json\/wp\/v2\/posts"}],"about":[{"href":"https:\/\/www.obispadorqta.org.ar\/v3\/wp-json\/wp\/v2\/types\/post"}],"author":[{"embeddable":true,"href":"https:\/\/www.obispadorqta.org.ar\/v3\/wp-json\/wp\/v2\/users\/3"}],"replies":[{"embeddable":true,"href":"https:\/\/www.obispadorqta.org.ar\/v3\/wp-json\/wp\/v2\/comments?post=7521"}],"version-history":[{"count":6,"href":"https:\/\/www.obispadorqta.org.ar\/v3\/wp-json\/wp\/v2\/posts\/7521\/revisions"}],"predecessor-version":[{"id":7534,"href":"https:\/\/www.obispadorqta.org.ar\/v3\/wp-json\/wp\/v2\/posts\/7521\/revisions\/7534"}],"wp:featuredmedia":[{"embeddable":true,"href":"https:\/\/www.obispadorqta.org.ar\/v3\/wp-json\/wp\/v2\/media\/7531"}],"wp:attachment":[{"href":"https:\/\/www.obispadorqta.org.ar\/v3\/wp-json\/wp\/v2\/media?parent=7521"}],"wp:term":[{"taxonomy":"category","embeddable":true,"href":"https:\/\/www.obispadorqta.org.ar\/v3\/wp-json\/wp\/v2\/categories?post=7521"},{"taxonomy":"post_tag","embeddable":true,"href":"https:\/\/www.obispadorqta.org.ar\/v3\/wp-json\/wp\/v2\/tags?post=7521"}],"curies":[{"name":"wp","href":"https:\/\/api.w.org\/{rel}","templated":true}]}}