{"id":7523,"date":"2022-05-17T11:58:08","date_gmt":"2022-05-17T14:58:08","guid":{"rendered":"http:\/\/www.obispadorqta.org.ar\/v3\/?p=7523"},"modified":"2022-05-17T11:58:30","modified_gmt":"2022-05-17T14:58:30","slug":"primer-asamblea-sinodal-diocesana-2021-2023","status":"publish","type":"post","link":"https:\/\/www.obispadorqta.org.ar\/v3\/primer-asamblea-sinodal-diocesana-2021-2023\/","title":{"rendered":"PRIMER ASAMBLEA SINODAL DIOCESANA 2021-2023"},"content":{"rendered":"<p style=\"text-align: justify;\"><strong><span style=\"color: #000000;\">Objetivos y caracter\u00edsticas<\/span><\/strong><br \/>\n<span style=\"color: #000000;\">En el camino sinodal que estamos recorriendo bajo el lema: \u201cPara una Iglesia Sinodal. Comuni\u00f3n. Participaci\u00f3n. Misi\u00f3n\u201d, vamos a realizar la \u201cPrimera Asamblea Sinodal Diocesana\u201d, con la intenci\u00f3n de cerrar la primera etapa, marcada por la escucha, que iniciamos en noviembre de 2021.<\/span><\/p>\n<p style=\"text-align: justify;\"><span style=\"color: #000000;\">El objetivo principal es compartir la experiencia de escucha que estuvimos transitando, los aportes recibidos, con los cuales se va a preparar la s\u00edntesis para enviar a la Conferencia Episcopal Argentina, el 31 de mayo de 2022.<\/span><br \/>\n<span style=\"color: #000000;\">El camino contin\u00faa, y mientras se realiza la s\u00edntesis nacional y se prepara las Asambleas Continentales, nosotros vamos a profundizar en el proceso de escucha y discernimiento. Este ser\u00eda el segundo objetivo del encuentro del s\u00e1bado 21. Relanzar la escucha, para que sea m\u00e1s amplia, y m\u00e1s honda en la interpretaci\u00f3n de los signos de los tiempos. Esta etapa nos ocupar\u00e1 desde hoy hasta finales del a\u00f1o o comienzos del a\u00f1o pr\u00f3ximo, e incluir\u00e1 experiencias de discernimiento comunitario, en torno a la Palabra de Dios, en las parroquias, los grupos, los movimientos, y tambi\u00e9n las zonas.<\/span><\/p>\n<p style=\"text-align: justify;\"><strong><span style=\"color: #000000;\">Programa<\/span><\/strong><br \/>\n<span style=\"color: #000000;\">Para el trabajo de la ma\u00f1ana del s\u00e1bado 21, tenemos el siguiente programa:<\/span><\/p>\n<p style=\"text-align: justify;\"><span style=\"color: #000000;\">8.30: Recepci\u00f3n \u2013 Acreditaci\u00f3n (Movimiento de Schoenstatt)<\/span><br \/>\n<span style=\"color: #000000;\">8.40: Animaci\u00f3n \u2013 Presentaci\u00f3n \u2013 Oraci\u00f3n inicial (Equipo de Animaci\u00f3n)<\/span><br \/>\n<span style=\"color: #000000;\">9.00: Presentaci\u00f3n de una s\u00edntesis de la escucha realizada durante estos meses, a cargo del Delegado para el S\u00ednodo, Pbro. Jorge Juli\u00e1n Gallard y Prof. Mar\u00eda Susana Tschannen, junto a algunos colaboradores.<\/span><br \/>\n<span style=\"color: #000000;\">10.00: Pausa<\/span><br \/>\n<span style=\"color: #000000;\">10.20: Introducci\u00f3n a la segunda parte, a cargo del Pbro. Walter Guido V\u00e9nica. Tema: escucha y discernimiento<\/span><br \/>\n<span style=\"color: #000000;\">10.30 a 12: Ejercicio de discernimiento comunitario, siguiendo las huellas de la Asamblea de Am\u00e9rica, a cargo del Secretariado de Laicos Diocesano.<\/span><br \/>\n<span style=\"color: #000000;\">12. Ambientaci\u00f3n y celebraci\u00f3n de la Eucarist\u00eda, preparada por la comunidad de la Pquia. Mar\u00eda Madre, con la profesi\u00f3n de fe y juramento de fidelidad del Nuevo Consejo de Pastoral Diocesano, organismo sinodal por excelencia, que acompa\u00f1ar\u00e1 al obispo en el proceso sinodal.<\/span><br \/>\n<span style=\"color: #000000;\">13.15: Almuerzo y cierre de la Asamblea.<\/span><\/p>\n<p style=\"text-align: justify;\"><strong><span style=\"color: #000000;\">Datos relevantes<\/span><\/strong><br \/>\n<span style=\"color: #000000;\">Lugar: nuevo templo de la Parroquia Mar\u00eda, Madre de Dios.<\/span><\/p>\n<p style=\"text-align: justify;\"><span style=\"color: #000000;\">Participantes: delegados de las parroquias y otros grupos, entre cinco y diez de cada espacio.<\/span><\/p>\n<p style=\"text-align: justify;\"><span style=\"color: #000000;\">Se puede llevar algo para compartir durante la ma\u00f1ana y el almuerzo. Tambi\u00e9n habr\u00e1 posibilidades de encargar choripanes y bebidas al momento de la acreditaci\u00f3n.<\/span><\/p>\n<p style=\"text-align: justify;\"><span style=\"color: #000000;\">Traer elementos para tomar nota.<\/span><\/p>\n<p style=\"text-align: justify;\"><strong><span style=\"color: #000000;\">Observaciones<\/span><\/strong><br \/>\n<span style=\"color: #000000;\">Recordamos que el s\u00ednodo es un camino, un nuevo estilo para ser Iglesia. Y que tendr\u00e1 que ser asumido con paciencia y audacia.<\/span><br \/>\n<span style=\"color: #000000;\">Como lectura preparatoria, sugerimos la lectura de la \u00faltima carta pastoral del Obispo, \u201cCaminando Juntos y a la Par\u201d.<\/span><\/p>\n","protected":false},"excerpt":{"rendered":"<div class=\"mh-excerpt\"><p>Objetivos y caracter\u00edsticas En el camino sinodal que estamos recorriendo bajo el lema: \u201cPara una Iglesia Sinodal. Comuni\u00f3n. Participaci\u00f3n. Misi\u00f3n\u201d, vamos a realizar la \u201cPrimera <a class=\"mh-excerpt-more\" href=\"https:\/\/www.obispadorqta.org.ar\/v3\/primer-asamblea-sinodal-diocesana-2021-2023\/\" title=\"PRIMER ASAMBLEA SINODAL DIOCESANA 2021-2023\">[&#8230;]<\/a><\/p>\n<\/div>","protected":false},"author":3,"featured_media":5146,"comment_status":"closed","ping_status":"open","sticky":false,"template":"","format":"standard","meta":{"footnotes":""},"categories":[6,28],"tags":[],"class_list":["post-7523","post","type-post","status-publish","format-standard","has-post-thumbnail","hentry","category-news","category-latest-news"],"_links":{"self":[{"href":"https:\/\/www.obispadorqta.org.ar\/v3\/wp-json\/wp\/v2\/posts\/7523","targetHints":{"allow":["GET"]}}],"collection":[{"href":"https:\/\/www.obispadorqta.org.ar\/v3\/wp-json\/wp\/v2\/posts"}],"about":[{"href":"https:\/\/www.obispadorqta.org.ar\/v3\/wp-json\/wp\/v2\/types\/post"}],"author":[{"embeddable":true,"href":"https:\/\/www.obispadorqta.org.ar\/v3\/wp-json\/wp\/v2\/users\/3"}],"replies":[{"embeddable":true,"href":"https:\/\/www.obispadorqta.org.ar\/v3\/wp-json\/wp\/v2\/comments?post=7523"}],"version-history":[{"count":1,"href":"https:\/\/www.obispadorqta.org.ar\/v3\/wp-json\/wp\/v2\/posts\/7523\/revisions"}],"predecessor-version":[{"id":7524,"href":"https:\/\/www.obispadorqta.org.ar\/v3\/wp-json\/wp\/v2\/posts\/7523\/revisions\/7524"}],"wp:featuredmedia":[{"embeddable":true,"href":"https:\/\/www.obispadorqta.org.ar\/v3\/wp-json\/wp\/v2\/media\/5146"}],"wp:attachment":[{"href":"https:\/\/www.obispadorqta.org.ar\/v3\/wp-json\/wp\/v2\/media?parent=7523"}],"wp:term":[{"taxonomy":"category","embeddable":true,"href":"https:\/\/www.obispadorqta.org.ar\/v3\/wp-json\/wp\/v2\/categories?post=7523"},{"taxonomy":"post_tag","embeddable":true,"href":"https:\/\/www.obispadorqta.org.ar\/v3\/wp-json\/wp\/v2\/tags?post=7523"}],"curies":[{"name":"wp","href":"https:\/\/api.w.org\/{rel}","templated":true}]}}