{"id":7535,"date":"2022-05-17T13:58:53","date_gmt":"2022-05-17T16:58:53","guid":{"rendered":"http:\/\/www.obispadorqta.org.ar\/v3\/?p=7535"},"modified":"2022-05-17T13:59:06","modified_gmt":"2022-05-17T16:59:06","slug":"nuevo-consejo-diocesano-de-pastoral","status":"publish","type":"post","link":"https:\/\/www.obispadorqta.org.ar\/v3\/nuevo-consejo-diocesano-de-pastoral\/","title":{"rendered":"NUEVO CONSEJO DIOCESANO DE PASTORAL"},"content":{"rendered":"<p style=\"text-align: justify;\">Con mucha alegr\u00eda, y despu\u00e9s de los inconvenientes de estos tiempos, marcados especialmente por la pandemia, ha quedado constituido el Nuevo Consejo Diocesano de Pastoral.<\/p>\n<p style=\"text-align: justify;\">Estar\u00e1 formado de la siguiente manera: Mons. \u00c1ngel Jos\u00e9 Mac\u00edn, Mons. Silvio Orlando Fabbro (Vicario General), Pbro. Walter Guido V\u00e9nica, Pbro. Juan Jos\u00e9 Delarossa, Hna. Mirta Fant\u00edn (Siervas Reparadoras), Hna. Roseli Colella (Pobres Siervas), Sr. Andr\u00e9s Jos\u00e9 Feresin, Sra. Mirta Alejandra Ort\u00edz, Sra. Anabela Melina Prez, Sra. Maria Susana Tschannen, Sr. Eduardo Aurelio Delssin, Sr. Daniel Ram\u00f3n Valiente, y como Secretaria de Actas, Sra. Nanci Teresita Ram\u00faa.<\/p>\n<p style=\"text-align: justify;\">Agradecemos a quienes han ofrecido su tiempo y dedicaci\u00f3n durante casi cuatro a\u00f1os de camino, participando del consejo anterior, y rezamos por quienes acompa\u00f1ar\u00e1n al obispo en esta nueva etapa, que estar\u00e1 marcada especialmente por el camino sinodal.<\/p>\n<p style=\"text-align: justify;\">La profesi\u00f3n de fe y juramento de fidelidad de los nuevos miembros del Consejo de Pastoral se realizar\u00e1 el pr\u00f3ximo s\u00e1bado 21, con ocasi\u00f3n de celebrarse la Primera Asamblea Sinodal.<\/p>\n","protected":false},"excerpt":{"rendered":"<div class=\"mh-excerpt\"><p>Con mucha alegr\u00eda, y despu\u00e9s de los inconvenientes de estos tiempos, marcados especialmente por la pandemia, ha quedado constituido el Nuevo Consejo Diocesano de Pastoral. <a class=\"mh-excerpt-more\" href=\"https:\/\/www.obispadorqta.org.ar\/v3\/nuevo-consejo-diocesano-de-pastoral\/\" title=\"NUEVO CONSEJO DIOCESANO DE PASTORAL\">[&#8230;]<\/a><\/p>\n<\/div>","protected":false},"author":2,"featured_media":5022,"comment_status":"closed","ping_status":"open","sticky":false,"template":"","format":"standard","meta":{"footnotes":""},"categories":[6,28],"tags":[],"class_list":["post-7535","post","type-post","status-publish","format-standard","has-post-thumbnail","hentry","category-news","category-latest-news"],"_links":{"self":[{"href":"https:\/\/www.obispadorqta.org.ar\/v3\/wp-json\/wp\/v2\/posts\/7535","targetHints":{"allow":["GET"]}}],"collection":[{"href":"https:\/\/www.obispadorqta.org.ar\/v3\/wp-json\/wp\/v2\/posts"}],"about":[{"href":"https:\/\/www.obispadorqta.org.ar\/v3\/wp-json\/wp\/v2\/types\/post"}],"author":[{"embeddable":true,"href":"https:\/\/www.obispadorqta.org.ar\/v3\/wp-json\/wp\/v2\/users\/2"}],"replies":[{"embeddable":true,"href":"https:\/\/www.obispadorqta.org.ar\/v3\/wp-json\/wp\/v2\/comments?post=7535"}],"version-history":[{"count":1,"href":"https:\/\/www.obispadorqta.org.ar\/v3\/wp-json\/wp\/v2\/posts\/7535\/revisions"}],"predecessor-version":[{"id":7536,"href":"https:\/\/www.obispadorqta.org.ar\/v3\/wp-json\/wp\/v2\/posts\/7535\/revisions\/7536"}],"wp:featuredmedia":[{"embeddable":true,"href":"https:\/\/www.obispadorqta.org.ar\/v3\/wp-json\/wp\/v2\/media\/5022"}],"wp:attachment":[{"href":"https:\/\/www.obispadorqta.org.ar\/v3\/wp-json\/wp\/v2\/media?parent=7535"}],"wp:term":[{"taxonomy":"category","embeddable":true,"href":"https:\/\/www.obispadorqta.org.ar\/v3\/wp-json\/wp\/v2\/categories?post=7535"},{"taxonomy":"post_tag","embeddable":true,"href":"https:\/\/www.obispadorqta.org.ar\/v3\/wp-json\/wp\/v2\/tags?post=7535"}],"curies":[{"name":"wp","href":"https:\/\/api.w.org\/{rel}","templated":true}]}}