{"id":7542,"date":"2022-05-23T11:09:34","date_gmt":"2022-05-23T14:09:34","guid":{"rendered":"http:\/\/www.obispadorqta.org.ar\/v3\/?p=7542"},"modified":"2022-05-23T11:09:43","modified_gmt":"2022-05-23T14:09:43","slug":"semana-laudato-si","status":"publish","type":"post","link":"https:\/\/www.obispadorqta.org.ar\/v3\/semana-laudato-si\/","title":{"rendered":"Semana Laudato Si"},"content":{"rendered":"<p style=\"text-align: justify;\">Bajo el Lema \u00abEscuchar y caminar juntos\u00bb, ayer domingo 22 de mayo comenz\u00f3 la Semana Ludato Si, que consta de siete d\u00edas y cientos de eventos globales, regionales y locales promovidos por el Dicasterio para el Servicio del Desarrollo Humano Integral, para celebrar el s\u00e9ptimo aniversario de la enc\u00edclica del Papa Francisco.<\/p>\n<p style=\"text-align: justify;\">En nuestro pa\u00eds, se dio comienzo a la misma con la celebraci\u00f3n de la Santa Misa en la Iglesia Catedral de Buenos Aires, presidida por el Obispo de la Di\u00f3cesis de Lomas de Zamora y Presidente de la Comisi\u00f3n Episcopal de Pastoral Social, Mons. Jorge Lugones SJ.<\/p>\n","protected":false},"excerpt":{"rendered":"<div class=\"mh-excerpt\"><p>Bajo el Lema \u00abEscuchar y caminar juntos\u00bb, ayer domingo 22 de mayo comenz\u00f3 la Semana Ludato Si, que consta de siete d\u00edas y cientos de <a class=\"mh-excerpt-more\" href=\"https:\/\/www.obispadorqta.org.ar\/v3\/semana-laudato-si\/\" title=\"Semana Laudato Si\">[&#8230;]<\/a><\/p>\n<\/div>","protected":false},"author":2,"featured_media":7543,"comment_status":"closed","ping_status":"open","sticky":false,"template":"","format":"standard","meta":{"footnotes":""},"categories":[6,28],"tags":[],"class_list":["post-7542","post","type-post","status-publish","format-standard","has-post-thumbnail","hentry","category-news","category-latest-news"],"_links":{"self":[{"href":"https:\/\/www.obispadorqta.org.ar\/v3\/wp-json\/wp\/v2\/posts\/7542","targetHints":{"allow":["GET"]}}],"collection":[{"href":"https:\/\/www.obispadorqta.org.ar\/v3\/wp-json\/wp\/v2\/posts"}],"about":[{"href":"https:\/\/www.obispadorqta.org.ar\/v3\/wp-json\/wp\/v2\/types\/post"}],"author":[{"embeddable":true,"href":"https:\/\/www.obispadorqta.org.ar\/v3\/wp-json\/wp\/v2\/users\/2"}],"replies":[{"embeddable":true,"href":"https:\/\/www.obispadorqta.org.ar\/v3\/wp-json\/wp\/v2\/comments?post=7542"}],"version-history":[{"count":2,"href":"https:\/\/www.obispadorqta.org.ar\/v3\/wp-json\/wp\/v2\/posts\/7542\/revisions"}],"predecessor-version":[{"id":7545,"href":"https:\/\/www.obispadorqta.org.ar\/v3\/wp-json\/wp\/v2\/posts\/7542\/revisions\/7545"}],"wp:featuredmedia":[{"embeddable":true,"href":"https:\/\/www.obispadorqta.org.ar\/v3\/wp-json\/wp\/v2\/media\/7543"}],"wp:attachment":[{"href":"https:\/\/www.obispadorqta.org.ar\/v3\/wp-json\/wp\/v2\/media?parent=7542"}],"wp:term":[{"taxonomy":"category","embeddable":true,"href":"https:\/\/www.obispadorqta.org.ar\/v3\/wp-json\/wp\/v2\/categories?post=7542"},{"taxonomy":"post_tag","embeddable":true,"href":"https:\/\/www.obispadorqta.org.ar\/v3\/wp-json\/wp\/v2\/tags?post=7542"}],"curies":[{"name":"wp","href":"https:\/\/api.w.org\/{rel}","templated":true}]}}