{"id":7546,"date":"2022-05-24T11:13:56","date_gmt":"2022-05-24T14:13:56","guid":{"rendered":"http:\/\/www.obispadorqta.org.ar\/v3\/?p=7546"},"modified":"2022-05-24T11:15:17","modified_gmt":"2022-05-24T14:15:17","slug":"campana-del-abrigo-caritas-diocesanas","status":"publish","type":"post","link":"https:\/\/www.obispadorqta.org.ar\/v3\/campana-del-abrigo-caritas-diocesanas\/","title":{"rendered":"Campa\u00f1a del Abrigo Caritas Diocesanas"},"content":{"rendered":"<p style=\"text-align: justify;\">Como todos los a\u00f1os desde Caritas Reconquista se motiva a todas las parroquias de la di\u00f3cesis, que a partir de la segunda semana de mayo se lleve a cabo la Campa\u00f1a del Fr\u00edo, este a\u00f1o bajo el lema <strong><em>\u00abUn Abrazo Abrigador\u00bb.<\/em><\/strong><\/p>\n<p style=\"text-align: justify;\">El objetivo es recolectar prendas de abrigo, calzados y frazada, las cuales ser\u00e1n \u00e1 distribuido a las parroquias m\u00e1s necesitadas de nuestra Di\u00f3cesis\u00a0<\/p>\n<p>La campa\u00f1a se extiende hasta el 27 de mayo y se esta recolectando en la Sede Diocesana (Mitre 289:), de lunes a viernes de 14;30 a 18:00<\/p>\n<p><iframe loading=\"lazy\" title=\"MARIA ROSA MOYANO - LUCAS  JUNCO\" width=\"500\" height=\"281\" src=\"https:\/\/www.youtube.com\/embed\/IcZoqCsw-ps?feature=oembed\" frameborder=\"0\" allow=\"accelerometer; autoplay; clipboard-write; encrypted-media; gyroscope; picture-in-picture; web-share\" referrerpolicy=\"strict-origin-when-cross-origin\" allowfullscreen><\/iframe><\/p>\n\n\n<p><\/p>\n","protected":false},"excerpt":{"rendered":"<div class=\"mh-excerpt\"><p>Como todos los a\u00f1os desde Caritas Reconquista se motiva a todas las parroquias de la di\u00f3cesis, que a partir de la segunda semana de mayo <a class=\"mh-excerpt-more\" href=\"https:\/\/www.obispadorqta.org.ar\/v3\/campana-del-abrigo-caritas-diocesanas\/\" title=\"Campa\u00f1a del Abrigo Caritas Diocesanas\">[&#8230;]<\/a><\/p>\n<\/div>","protected":false},"author":3,"featured_media":7558,"comment_status":"open","ping_status":"open","sticky":false,"template":"","format":"standard","meta":{"footnotes":""},"categories":[6,28],"tags":[],"class_list":["post-7546","post","type-post","status-publish","format-standard","has-post-thumbnail","hentry","category-news","category-latest-news"],"_links":{"self":[{"href":"https:\/\/www.obispadorqta.org.ar\/v3\/wp-json\/wp\/v2\/posts\/7546","targetHints":{"allow":["GET"]}}],"collection":[{"href":"https:\/\/www.obispadorqta.org.ar\/v3\/wp-json\/wp\/v2\/posts"}],"about":[{"href":"https:\/\/www.obispadorqta.org.ar\/v3\/wp-json\/wp\/v2\/types\/post"}],"author":[{"embeddable":true,"href":"https:\/\/www.obispadorqta.org.ar\/v3\/wp-json\/wp\/v2\/users\/3"}],"replies":[{"embeddable":true,"href":"https:\/\/www.obispadorqta.org.ar\/v3\/wp-json\/wp\/v2\/comments?post=7546"}],"version-history":[{"count":3,"href":"https:\/\/www.obispadorqta.org.ar\/v3\/wp-json\/wp\/v2\/posts\/7546\/revisions"}],"predecessor-version":[{"id":7560,"href":"https:\/\/www.obispadorqta.org.ar\/v3\/wp-json\/wp\/v2\/posts\/7546\/revisions\/7560"}],"wp:featuredmedia":[{"embeddable":true,"href":"https:\/\/www.obispadorqta.org.ar\/v3\/wp-json\/wp\/v2\/media\/7558"}],"wp:attachment":[{"href":"https:\/\/www.obispadorqta.org.ar\/v3\/wp-json\/wp\/v2\/media?parent=7546"}],"wp:term":[{"taxonomy":"category","embeddable":true,"href":"https:\/\/www.obispadorqta.org.ar\/v3\/wp-json\/wp\/v2\/categories?post=7546"},{"taxonomy":"post_tag","embeddable":true,"href":"https:\/\/www.obispadorqta.org.ar\/v3\/wp-json\/wp\/v2\/tags?post=7546"}],"curies":[{"name":"wp","href":"https:\/\/api.w.org\/{rel}","templated":true}]}}