{"id":7547,"date":"2022-05-24T10:17:53","date_gmt":"2022-05-24T13:17:53","guid":{"rendered":"http:\/\/www.obispadorqta.org.ar\/v3\/?p=7547"},"modified":"2022-05-24T10:18:02","modified_gmt":"2022-05-24T13:18:02","slug":"retiro-de-familia","status":"publish","type":"post","link":"https:\/\/www.obispadorqta.org.ar\/v3\/retiro-de-familia\/","title":{"rendered":"Retiro de Familia"},"content":{"rendered":"<p style=\"text-align: justify;\">El Buen Samaritano invita al Retiro de Familia que se llevar\u00e1 a cabo los d\u00edas 28 y 29 de mayo en la Capilla Nuestra Se\u00f1ora de la Paz del barrio Lanceros del Sauce.<\/p>\n<p><img loading=\"lazy\" decoding=\"async\" class=\"aligncenter size-full wp-image-7554\" src=\"https:\/\/www.obispadorqta.org.ar\/v3\/wp-content\/uploads\/2022\/05\/IMG-20220524-WA0000.jpg\" alt=\"\" width=\"858\" height=\"1280\" srcset=\"https:\/\/www.obispadorqta.org.ar\/v3\/wp-content\/uploads\/2022\/05\/IMG-20220524-WA0000.jpg 858w, https:\/\/www.obispadorqta.org.ar\/v3\/wp-content\/uploads\/2022\/05\/IMG-20220524-WA0000-201x300.jpg 201w, https:\/\/www.obispadorqta.org.ar\/v3\/wp-content\/uploads\/2022\/05\/IMG-20220524-WA0000-686x1024.jpg 686w, https:\/\/www.obispadorqta.org.ar\/v3\/wp-content\/uploads\/2022\/05\/IMG-20220524-WA0000-768x1146.jpg 768w\" sizes=\"auto, (max-width: 858px) 100vw, 858px\" \/><\/p>\n<div style=\"width: 720px;\" class=\"wp-video\"><video class=\"wp-video-shortcode\" id=\"video-7547-1\" width=\"720\" height=\"720\" preload=\"metadata\" controls=\"controls\"><source type=\"video\/mp4\" src=\"https:\/\/www.obispadorqta.org.ar\/v3\/wp-content\/uploads\/2022\/05\/VID-20220524-WA0001.mp4?_=1\" \/><a href=\"https:\/\/www.obispadorqta.org.ar\/v3\/wp-content\/uploads\/2022\/05\/VID-20220524-WA0001.mp4\">https:\/\/www.obispadorqta.org.ar\/v3\/wp-content\/uploads\/2022\/05\/VID-20220524-WA0001.mp4<\/a><\/video><\/div>\n","protected":false},"excerpt":{"rendered":"<div class=\"mh-excerpt\"><p>El Buen Samaritano invita al Retiro de Familia que se llevar\u00e1 a cabo los d\u00edas 28 y 29 de mayo en la Capilla Nuestra Se\u00f1ora <a class=\"mh-excerpt-more\" href=\"https:\/\/www.obispadorqta.org.ar\/v3\/retiro-de-familia\/\" title=\"Retiro de Familia\">[&#8230;]<\/a><\/p>\n<\/div>","protected":false},"author":2,"featured_media":7552,"comment_status":"closed","ping_status":"open","sticky":false,"template":"","format":"standard","meta":{"footnotes":""},"categories":[6,28],"tags":[],"class_list":["post-7547","post","type-post","status-publish","format-standard","has-post-thumbnail","hentry","category-news","category-latest-news"],"_links":{"self":[{"href":"https:\/\/www.obispadorqta.org.ar\/v3\/wp-json\/wp\/v2\/posts\/7547","targetHints":{"allow":["GET"]}}],"collection":[{"href":"https:\/\/www.obispadorqta.org.ar\/v3\/wp-json\/wp\/v2\/posts"}],"about":[{"href":"https:\/\/www.obispadorqta.org.ar\/v3\/wp-json\/wp\/v2\/types\/post"}],"author":[{"embeddable":true,"href":"https:\/\/www.obispadorqta.org.ar\/v3\/wp-json\/wp\/v2\/users\/2"}],"replies":[{"embeddable":true,"href":"https:\/\/www.obispadorqta.org.ar\/v3\/wp-json\/wp\/v2\/comments?post=7547"}],"version-history":[{"count":2,"href":"https:\/\/www.obispadorqta.org.ar\/v3\/wp-json\/wp\/v2\/posts\/7547\/revisions"}],"predecessor-version":[{"id":7556,"href":"https:\/\/www.obispadorqta.org.ar\/v3\/wp-json\/wp\/v2\/posts\/7547\/revisions\/7556"}],"wp:featuredmedia":[{"embeddable":true,"href":"https:\/\/www.obispadorqta.org.ar\/v3\/wp-json\/wp\/v2\/media\/7552"}],"wp:attachment":[{"href":"https:\/\/www.obispadorqta.org.ar\/v3\/wp-json\/wp\/v2\/media?parent=7547"}],"wp:term":[{"taxonomy":"category","embeddable":true,"href":"https:\/\/www.obispadorqta.org.ar\/v3\/wp-json\/wp\/v2\/categories?post=7547"},{"taxonomy":"post_tag","embeddable":true,"href":"https:\/\/www.obispadorqta.org.ar\/v3\/wp-json\/wp\/v2\/tags?post=7547"}],"curies":[{"name":"wp","href":"https:\/\/api.w.org\/{rel}","templated":true}]}}