{"id":7562,"date":"2022-05-25T12:07:58","date_gmt":"2022-05-25T15:07:58","guid":{"rendered":"http:\/\/www.obispadorqta.org.ar\/v3\/?p=7562"},"modified":"2022-05-25T12:09:06","modified_gmt":"2022-05-25T15:09:06","slug":"jornada-de-metodologia-cursillo-de-cristiandad","status":"publish","type":"post","link":"https:\/\/www.obispadorqta.org.ar\/v3\/jornada-de-metodologia-cursillo-de-cristiandad\/","title":{"rendered":"Jornada de Metodolog\u00eda Cursillo de Cristiandad"},"content":{"rendered":"<p style=\"text-align: justify;\">Los d\u00edas 27, 28 y 29 de mayo, el Movimiento Diocesano de Cursillo de Cristiandad, llevar\u00e1 a cabo la Jornada de Metodolog\u00eda, que es un Encuentro de tres d\u00edas muy especiales, que tratar\u00e1 de proporcionar como en Cursillo, un chasis luminoso de ideas y el \u00edmpetu y el fervor necesarios para movilizar esas ideas y esas actitudes.<\/p>\n<p style=\"text-align: justify;\">La jornada comenzar\u00e1 el d\u00eda viernes 27 a las 16.30 hs. y la finalizar\u00e1 con la Misa de clausura el domingo 29 a las 16 hs. Se invita a todos los hermanos cursillistas que quieran participar de la misma.<\/p>\n<p style=\"text-align: justify;\">Es un Encuentro en el que se hablar\u00e1 de los Cursillos de Cristiandad, en tres aspectos centrales:<\/p>\n<p style=\"text-align: justify;\">-La ESENCIA que fermenta y los procesos que suceden.<\/p>\n<p>-Su historia, su Carisma, su M\u00e9todo.<\/p>\n<p>-La Misi\u00f3n evangelizadora que nos corresponde encomendada por la santa Madre Iglesia.<\/p>\n<p>En todos estos temas estar\u00e1 la mirada Sinodal que nos pide la Iglesia hoy.<\/p>\n","protected":false},"excerpt":{"rendered":"<div class=\"mh-excerpt\"><p>Los d\u00edas 27, 28 y 29 de mayo, el Movimiento Diocesano de Cursillo de Cristiandad, llevar\u00e1 a cabo la Jornada de Metodolog\u00eda, que es un <a class=\"mh-excerpt-more\" href=\"https:\/\/www.obispadorqta.org.ar\/v3\/jornada-de-metodologia-cursillo-de-cristiandad\/\" title=\"Jornada de Metodolog\u00eda Cursillo de Cristiandad\">[&#8230;]<\/a><\/p>\n<\/div>","protected":false},"author":3,"featured_media":2441,"comment_status":"closed","ping_status":"open","sticky":false,"template":"","format":"standard","meta":{"footnotes":""},"categories":[6,28],"tags":[],"class_list":["post-7562","post","type-post","status-publish","format-standard","has-post-thumbnail","hentry","category-news","category-latest-news"],"_links":{"self":[{"href":"https:\/\/www.obispadorqta.org.ar\/v3\/wp-json\/wp\/v2\/posts\/7562","targetHints":{"allow":["GET"]}}],"collection":[{"href":"https:\/\/www.obispadorqta.org.ar\/v3\/wp-json\/wp\/v2\/posts"}],"about":[{"href":"https:\/\/www.obispadorqta.org.ar\/v3\/wp-json\/wp\/v2\/types\/post"}],"author":[{"embeddable":true,"href":"https:\/\/www.obispadorqta.org.ar\/v3\/wp-json\/wp\/v2\/users\/3"}],"replies":[{"embeddable":true,"href":"https:\/\/www.obispadorqta.org.ar\/v3\/wp-json\/wp\/v2\/comments?post=7562"}],"version-history":[{"count":4,"href":"https:\/\/www.obispadorqta.org.ar\/v3\/wp-json\/wp\/v2\/posts\/7562\/revisions"}],"predecessor-version":[{"id":7567,"href":"https:\/\/www.obispadorqta.org.ar\/v3\/wp-json\/wp\/v2\/posts\/7562\/revisions\/7567"}],"wp:featuredmedia":[{"embeddable":true,"href":"https:\/\/www.obispadorqta.org.ar\/v3\/wp-json\/wp\/v2\/media\/2441"}],"wp:attachment":[{"href":"https:\/\/www.obispadorqta.org.ar\/v3\/wp-json\/wp\/v2\/media?parent=7562"}],"wp:term":[{"taxonomy":"category","embeddable":true,"href":"https:\/\/www.obispadorqta.org.ar\/v3\/wp-json\/wp\/v2\/categories?post=7562"},{"taxonomy":"post_tag","embeddable":true,"href":"https:\/\/www.obispadorqta.org.ar\/v3\/wp-json\/wp\/v2\/tags?post=7562"}],"curies":[{"name":"wp","href":"https:\/\/api.w.org\/{rel}","templated":true}]}}