{"id":7573,"date":"2022-05-30T08:07:44","date_gmt":"2022-05-30T11:07:44","guid":{"rendered":"http:\/\/www.obispadorqta.org.ar\/v3\/?p=7573"},"modified":"2022-05-30T08:08:23","modified_gmt":"2022-05-30T11:08:23","slug":"actividades-en-torno-a-migraciones-y-turismo","status":"publish","type":"post","link":"https:\/\/www.obispadorqta.org.ar\/v3\/actividades-en-torno-a-migraciones-y-turismo\/","title":{"rendered":"ACTIVIDADES EN TORNO A MIGRACIONES Y TURISMO"},"content":{"rendered":"<p style=\"text-align: justify;\"><span style=\"color: #000000;\">Durante esta semana, nuestro obispo diocesano, Mons. \u00c1ngel Jos\u00e9 Mac\u00edn, viajar\u00e1 a Buenos Aires para participar de diferentes actividades vinculadas a la Comisi\u00f3n de Migrantes e Itinerantes, que preside desde noviembre de 2021.<\/span><\/p>\n<p style=\"text-align: justify;\"><span style=\"color: #000000;\">El d\u00eda mi\u00e9rcoles por la tarde, en una jornada dedicada al tema del Turismo, disertar\u00e1 sobre \u00abHermanos todos en el Turismo\u00bb. Luego, ir\u00e1 a Luj\u00e1n para participar del Encuentro Anual de Migrantes e Itinerantes, que se llevar\u00e1 a cabo entre el jueves 2 y el s\u00e1bado 4, para regresar a la di\u00f3cesis con el prop\u00f3sito de presidir la solemnidad de Pentecost\u00e9s en Villa Ocampo.<\/span><\/p>\n","protected":false},"excerpt":{"rendered":"<div class=\"mh-excerpt\"><p>Durante esta semana, nuestro obispo diocesano, Mons. \u00c1ngel Jos\u00e9 Mac\u00edn, viajar\u00e1 a Buenos Aires para participar de diferentes actividades vinculadas a la Comisi\u00f3n de Migrantes <a class=\"mh-excerpt-more\" href=\"https:\/\/www.obispadorqta.org.ar\/v3\/actividades-en-torno-a-migraciones-y-turismo\/\" title=\"ACTIVIDADES EN TORNO A MIGRACIONES Y TURISMO\">[&#8230;]<\/a><\/p>\n<\/div>","protected":false},"author":3,"featured_media":7292,"comment_status":"closed","ping_status":"open","sticky":false,"template":"","format":"standard","meta":{"footnotes":""},"categories":[6,28],"tags":[],"class_list":["post-7573","post","type-post","status-publish","format-standard","has-post-thumbnail","hentry","category-news","category-latest-news"],"_links":{"self":[{"href":"https:\/\/www.obispadorqta.org.ar\/v3\/wp-json\/wp\/v2\/posts\/7573","targetHints":{"allow":["GET"]}}],"collection":[{"href":"https:\/\/www.obispadorqta.org.ar\/v3\/wp-json\/wp\/v2\/posts"}],"about":[{"href":"https:\/\/www.obispadorqta.org.ar\/v3\/wp-json\/wp\/v2\/types\/post"}],"author":[{"embeddable":true,"href":"https:\/\/www.obispadorqta.org.ar\/v3\/wp-json\/wp\/v2\/users\/3"}],"replies":[{"embeddable":true,"href":"https:\/\/www.obispadorqta.org.ar\/v3\/wp-json\/wp\/v2\/comments?post=7573"}],"version-history":[{"count":1,"href":"https:\/\/www.obispadorqta.org.ar\/v3\/wp-json\/wp\/v2\/posts\/7573\/revisions"}],"predecessor-version":[{"id":7574,"href":"https:\/\/www.obispadorqta.org.ar\/v3\/wp-json\/wp\/v2\/posts\/7573\/revisions\/7574"}],"wp:featuredmedia":[{"embeddable":true,"href":"https:\/\/www.obispadorqta.org.ar\/v3\/wp-json\/wp\/v2\/media\/7292"}],"wp:attachment":[{"href":"https:\/\/www.obispadorqta.org.ar\/v3\/wp-json\/wp\/v2\/media?parent=7573"}],"wp:term":[{"taxonomy":"category","embeddable":true,"href":"https:\/\/www.obispadorqta.org.ar\/v3\/wp-json\/wp\/v2\/categories?post=7573"},{"taxonomy":"post_tag","embeddable":true,"href":"https:\/\/www.obispadorqta.org.ar\/v3\/wp-json\/wp\/v2\/tags?post=7573"}],"curies":[{"name":"wp","href":"https:\/\/api.w.org\/{rel}","templated":true}]}}