{"id":7579,"date":"2022-06-01T10:30:14","date_gmt":"2022-06-01T13:30:14","guid":{"rendered":"http:\/\/www.obispadorqta.org.ar\/v3\/?p=7579"},"modified":"2022-06-01T10:35:23","modified_gmt":"2022-06-01T13:35:23","slug":"jornada-de-pentecostes","status":"publish","type":"post","link":"https:\/\/www.obispadorqta.org.ar\/v3\/jornada-de-pentecostes\/","title":{"rendered":"Jornada de Pentecost\u00e9s"},"content":{"rendered":"<p style=\"text-align: justify;\"><span style=\"color: #000000;\"><span style=\"font-weight: 400;\">Animados por el Esp\u00edritu Santo y el discernimiento de los j\u00f3venes se decidi\u00f3 junto al equipo diocesano de la <\/span><span style=\"font-weight: 400;\">Renovaci\u00f3n Carism\u00e1tica Cat\u00f3lica, <\/span><span style=\"font-weight: 400;\">realizar <\/span><b>la Jornada de Pentecost\u00e9s <\/b><span style=\"font-weight: 400;\">el pr\u00f3ximo <\/span><b>s\u00e1bado&nbsp; 04 y domingo 05 de junio 2022. <\/b><span style=\"font-weight: 400;\">La misma se llevar\u00e1 a cabo en la zona norte de la di\u00f3cesis de manera especial<\/span><b> en la Parroquia Inmaculada Concepci\u00f3n de Villa Ocampo.<\/b><\/span><\/p>\n<p><img loading=\"lazy\" decoding=\"async\" class=\"aligncenter  wp-image-7581\" src=\"https:\/\/www.obispadorqta.org.ar\/v3\/wp-content\/uploads\/2022\/06\/Pentecostes-1.jpg\" alt=\"\" width=\"441\" height=\"441\" srcset=\"https:\/\/www.obispadorqta.org.ar\/v3\/wp-content\/uploads\/2022\/06\/Pentecostes-1.jpg 1080w, https:\/\/www.obispadorqta.org.ar\/v3\/wp-content\/uploads\/2022\/06\/Pentecostes-1-300x300.jpg 300w, https:\/\/www.obispadorqta.org.ar\/v3\/wp-content\/uploads\/2022\/06\/Pentecostes-1-1024x1024.jpg 1024w, https:\/\/www.obispadorqta.org.ar\/v3\/wp-content\/uploads\/2022\/06\/Pentecostes-1-150x150.jpg 150w, https:\/\/www.obispadorqta.org.ar\/v3\/wp-content\/uploads\/2022\/06\/Pentecostes-1-768x768.jpg 768w\" sizes=\"auto, (max-width: 441px) 100vw, 441px\" \/><\/p>\n<p style=\"text-align: justify;\"><span style=\"color: #000000;\"><span style=\"font-weight: 400;\">Este acontecimiento diocesano constar\u00e1 de dos momentos<\/span><b>: una velada para j\u00f3venes el s\u00e1bado 4 a partir de las18 hs. y la jornada el domingo 05 a las 8:30 hs con la participaci\u00f3n de todos aquellos que desean compartir esta Fiesta tan importante para nuestra Iglesia.<\/b><\/span><\/p>\n<p style=\"text-align: justify;\"><span style=\"color: #000000;\"><span style=\"font-weight: 400;\">En esta oportunidad nos ayudar\u00e1 con su reflexi\u00f3n<\/span><b> Malena Ojeda de la di\u00f3cesis de Resistencia. Culminando con la Santa&nbsp; Misa a las 17 hs. aproximadamente.&nbsp;<\/b><\/span><\/p>\n<p style=\"text-align: justify;\"><span style=\"font-weight: 400; color: #000000;\">Ser\u00e1 un momento para celebrar como Iglesia Diocesana la alegr\u00eda y dicha que nos regala el Esp\u00edritu Santo para caminar juntos y a la par.&nbsp;<\/span><\/p>\n<p style=\"text-align: justify;\"><span style=\"font-weight: 400; color: #000000;\">Nos unimos en profunda oraci\u00f3n para que colmados de la fuerza que proviene de lo alto salgamos a ser testigos en nuestra tareas diarias.<\/span><\/p>\n<div style=\"width: 1080px;\" class=\"wp-video\"><video class=\"wp-video-shortcode\" id=\"video-7579-1\" width=\"1080\" height=\"1920\" preload=\"metadata\" controls=\"controls\"><source type=\"video\/mp4\" src=\"https:\/\/www.obispadorqta.org.ar\/v3\/wp-content\/uploads\/2022\/06\/VID-20220601-WA0007-1.mp4?_=1\" \/><a href=\"https:\/\/www.obispadorqta.org.ar\/v3\/wp-content\/uploads\/2022\/06\/VID-20220601-WA0007-1.mp4\">https:\/\/www.obispadorqta.org.ar\/v3\/wp-content\/uploads\/2022\/06\/VID-20220601-WA0007-1.mp4<\/a><\/video><\/div>\n<p><\/p>\n\n\n<p><\/p>\n","protected":false},"excerpt":{"rendered":"<div class=\"mh-excerpt\"><p>Animados por el Esp\u00edritu Santo y el discernimiento de los j\u00f3venes se decidi\u00f3 junto al equipo diocesano de la Renovaci\u00f3n Carism\u00e1tica Cat\u00f3lica, realizar la Jornada <a class=\"mh-excerpt-more\" href=\"https:\/\/www.obispadorqta.org.ar\/v3\/jornada-de-pentecostes\/\" title=\"Jornada de Pentecost\u00e9s\">[&#8230;]<\/a><\/p>\n<\/div>","protected":false},"author":3,"featured_media":7589,"comment_status":"closed","ping_status":"open","sticky":false,"template":"","format":"standard","meta":{"footnotes":""},"categories":[6,28],"tags":[],"class_list":["post-7579","post","type-post","status-publish","format-standard","has-post-thumbnail","hentry","category-news","category-latest-news"],"_links":{"self":[{"href":"https:\/\/www.obispadorqta.org.ar\/v3\/wp-json\/wp\/v2\/posts\/7579","targetHints":{"allow":["GET"]}}],"collection":[{"href":"https:\/\/www.obispadorqta.org.ar\/v3\/wp-json\/wp\/v2\/posts"}],"about":[{"href":"https:\/\/www.obispadorqta.org.ar\/v3\/wp-json\/wp\/v2\/types\/post"}],"author":[{"embeddable":true,"href":"https:\/\/www.obispadorqta.org.ar\/v3\/wp-json\/wp\/v2\/users\/3"}],"replies":[{"embeddable":true,"href":"https:\/\/www.obispadorqta.org.ar\/v3\/wp-json\/wp\/v2\/comments?post=7579"}],"version-history":[{"count":5,"href":"https:\/\/www.obispadorqta.org.ar\/v3\/wp-json\/wp\/v2\/posts\/7579\/revisions"}],"predecessor-version":[{"id":7591,"href":"https:\/\/www.obispadorqta.org.ar\/v3\/wp-json\/wp\/v2\/posts\/7579\/revisions\/7591"}],"wp:featuredmedia":[{"embeddable":true,"href":"https:\/\/www.obispadorqta.org.ar\/v3\/wp-json\/wp\/v2\/media\/7589"}],"wp:attachment":[{"href":"https:\/\/www.obispadorqta.org.ar\/v3\/wp-json\/wp\/v2\/media?parent=7579"}],"wp:term":[{"taxonomy":"category","embeddable":true,"href":"https:\/\/www.obispadorqta.org.ar\/v3\/wp-json\/wp\/v2\/categories?post=7579"},{"taxonomy":"post_tag","embeddable":true,"href":"https:\/\/www.obispadorqta.org.ar\/v3\/wp-json\/wp\/v2\/tags?post=7579"}],"curies":[{"name":"wp","href":"https:\/\/api.w.org\/{rel}","templated":true}]}}