{"id":7595,"date":"2022-06-06T08:04:15","date_gmt":"2022-06-06T11:04:15","guid":{"rendered":"http:\/\/www.obispadorqta.org.ar\/v3\/?p=7595"},"modified":"2022-06-06T10:00:43","modified_gmt":"2022-06-06T13:00:43","slug":"reunion-de-presbiterio-4","status":"publish","type":"post","link":"https:\/\/www.obispadorqta.org.ar\/v3\/reunion-de-presbiterio-4\/","title":{"rendered":"Reuni\u00f3n de Presbiterio"},"content":{"rendered":"<p style=\"text-align: justify;\"><span style=\"color: #000000;\">El lunes 6 y el martes 7 de junio, en Casa de Itat\u00ed de Avellaneda, tendr\u00e1 lugar una nuevo encuentro del presbiterio de Reconquista, en el cual se abordar\u00e1n varios temas vinculados a la vida sacerdotal y pastoral. Entre otras cosas, se dedicar\u00e1 un tiempo a conversar sobre la continuidad del camino sinodal en la di\u00f3cesis.<\/span><\/p>\n<p style=\"text-align: justify;\"><span style=\"color: #000000;\">Acompa\u00f1amos con nuestra plegaria a nuestros sacerdotes.<\/span><\/p>\n","protected":false},"excerpt":{"rendered":"<div class=\"mh-excerpt\"><p>El lunes 6 y el martes 7 de junio, en Casa de Itat\u00ed de Avellaneda, tendr\u00e1 lugar una nuevo encuentro del presbiterio de Reconquista, en <a class=\"mh-excerpt-more\" href=\"https:\/\/www.obispadorqta.org.ar\/v3\/reunion-de-presbiterio-4\/\" title=\"Reuni\u00f3n de Presbiterio\">[&#8230;]<\/a><\/p>\n<\/div>","protected":false},"author":3,"featured_media":3142,"comment_status":"closed","ping_status":"open","sticky":false,"template":"","format":"standard","meta":{"footnotes":""},"categories":[6,28],"tags":[],"class_list":["post-7595","post","type-post","status-publish","format-standard","has-post-thumbnail","hentry","category-news","category-latest-news"],"_links":{"self":[{"href":"https:\/\/www.obispadorqta.org.ar\/v3\/wp-json\/wp\/v2\/posts\/7595","targetHints":{"allow":["GET"]}}],"collection":[{"href":"https:\/\/www.obispadorqta.org.ar\/v3\/wp-json\/wp\/v2\/posts"}],"about":[{"href":"https:\/\/www.obispadorqta.org.ar\/v3\/wp-json\/wp\/v2\/types\/post"}],"author":[{"embeddable":true,"href":"https:\/\/www.obispadorqta.org.ar\/v3\/wp-json\/wp\/v2\/users\/3"}],"replies":[{"embeddable":true,"href":"https:\/\/www.obispadorqta.org.ar\/v3\/wp-json\/wp\/v2\/comments?post=7595"}],"version-history":[{"count":2,"href":"https:\/\/www.obispadorqta.org.ar\/v3\/wp-json\/wp\/v2\/posts\/7595\/revisions"}],"predecessor-version":[{"id":7599,"href":"https:\/\/www.obispadorqta.org.ar\/v3\/wp-json\/wp\/v2\/posts\/7595\/revisions\/7599"}],"wp:featuredmedia":[{"embeddable":true,"href":"https:\/\/www.obispadorqta.org.ar\/v3\/wp-json\/wp\/v2\/media\/3142"}],"wp:attachment":[{"href":"https:\/\/www.obispadorqta.org.ar\/v3\/wp-json\/wp\/v2\/media?parent=7595"}],"wp:term":[{"taxonomy":"category","embeddable":true,"href":"https:\/\/www.obispadorqta.org.ar\/v3\/wp-json\/wp\/v2\/categories?post=7595"},{"taxonomy":"post_tag","embeddable":true,"href":"https:\/\/www.obispadorqta.org.ar\/v3\/wp-json\/wp\/v2\/tags?post=7595"}],"curies":[{"name":"wp","href":"https:\/\/api.w.org\/{rel}","templated":true}]}}