{"id":7600,"date":"2022-06-07T09:21:52","date_gmt":"2022-06-07T12:21:52","guid":{"rendered":"http:\/\/www.obispadorqta.org.ar\/v3\/?p=7600"},"modified":"2022-06-07T09:26:03","modified_gmt":"2022-06-07T12:26:03","slug":"colecta-anual-de-caritas-9","status":"publish","type":"post","link":"https:\/\/www.obispadorqta.org.ar\/v3\/colecta-anual-de-caritas-9\/","title":{"rendered":"COLECTA ANUAL DE CARITAS"},"content":{"rendered":"<p style=\"text-align: justify;\"><span style=\"color: #000000;\">Bajo el lema <strong><em>Tu compromiso acorta distancias<\/em><\/strong>, los d\u00edas <strong>s\u00e1bado 11 y domingo 12 de junio se llevar\u00e1 a cabo la tradicional Colecta Anual C\u00e1ritas Argentina,<\/strong> en parroquias de todo el pa\u00eds. Las contribuciones, que ya se pueden realizar en forma electr\u00f3nica, servir\u00e1n para atender la urgente necesidad de millones de argentinos en situaci\u00f3n de pobreza e indigencia ante la creciente demanda de asistencia que atiende la entidad en sus centros asistenciales desplegados por todo el territorio nacional.<\/span><\/p>\n<p style=\"text-align: justify;\"><span style=\"color: #000000;\">Cabe destacar que gracias a la contribuci\u00f3n de todos, el dinero de la colecta se destina al sostenimiento de programas de ayuda inmediata y de desarrollo humano integral que C\u00e1ritas desarrolla a lo largo del a\u00f1o. Adem\u00e1s de las necesidades b\u00e1sicas, se impulsan proyectos relacionados con microemprendimientos productivos y de autoconsumo, capacitaci\u00f3n laboral, inclusi\u00f3n educativa, abordaje pastoral y comunitario de las adicciones, cuidado de la primera infancia, formaci\u00f3n en ciudadan\u00eda, centros comunitarios de atenci\u00f3n integral, jardines maternales.<\/span><\/p>\n<p style=\"text-align: justify;\"><strong>En el marco de esta Colecta, Caritas Diocesana, acompa\u00f1a y anima a la Parroquia \u201cSan Jos\u00e9\u201d de Reconquista, quien llevar\u00e1 a cabo un Festival Solidario en el predio de la parroquia.<\/strong><\/p>\n<p><img loading=\"lazy\" decoding=\"async\" class=\"aligncenter  wp-image-7601\" src=\"https:\/\/www.obispadorqta.org.ar\/v3\/wp-content\/uploads\/2022\/06\/IMG-20220606-WA0001.jpg\" alt=\"\" width=\"515\" height=\"915\" srcset=\"https:\/\/www.obispadorqta.org.ar\/v3\/wp-content\/uploads\/2022\/06\/IMG-20220606-WA0001.jpg 720w, https:\/\/www.obispadorqta.org.ar\/v3\/wp-content\/uploads\/2022\/06\/IMG-20220606-WA0001-169x300.jpg 169w, https:\/\/www.obispadorqta.org.ar\/v3\/wp-content\/uploads\/2022\/06\/IMG-20220606-WA0001-576x1024.jpg 576w\" sizes=\"auto, (max-width: 515px) 100vw, 515px\" \/><\/p>\n<h6 style=\"text-align: center;\">\n<p>\u00bfC\u00f3mo colaborar con la Colecta Anual de C\u00e1ritas?<br \/>\nSe puede hacer llegar los aportes de muchas maneras:<\/p>\n<p>\u2013 Por tarjeta de cr\u00e9dito, d\u00e9bito, CBU, pagomiscuentas o Mercado Pago<br \/>\ningresando a nuestro sitio www.caritas.org.ar<\/p>\n<p>\u2013 Por tel\u00e9fono desde todo el pa\u00eds, llamando al 0810-222-74827<br \/>\n(al costo de una llamada local)<\/p>\n<p>\u2013 Por transferencia o dep\u00f3sito bancario a nombre de C\u00e1ritas Argentina:<br \/>\nCuenta Corriente Banco ICBC N\u00ba 0546-02000042\/42<br \/>\nSucursal Casa Central 0546<br \/>\nCBU 0150546702000000042422<br \/>\nA nombre de: C\u00e1ritas Argentina \u2013 CUIT 30-51731290-4.<br \/>\n[Alias DONA.CARITAS.ARG]<\/p>\n<p>\u2013 Para la recepci\u00f3n de donaciones en efectivo se repartir\u00e1n sobres y se desplegar\u00e1n alcanc\u00edas o urnas en parroquias, capillas, centros misionales y lugares p\u00fablicos como plazas, avenidas, o supermercados.<\/h6>\n","protected":false},"excerpt":{"rendered":"<div class=\"mh-excerpt\"><p>Bajo el lema Tu compromiso acorta distancias, los d\u00edas s\u00e1bado 11 y domingo 12 de junio se llevar\u00e1 a cabo la tradicional Colecta Anual C\u00e1ritas <a class=\"mh-excerpt-more\" href=\"https:\/\/www.obispadorqta.org.ar\/v3\/colecta-anual-de-caritas-9\/\" title=\"COLECTA ANUAL DE CARITAS\">[&#8230;]<\/a><\/p>\n<\/div>","protected":false},"author":3,"featured_media":7607,"comment_status":"closed","ping_status":"open","sticky":false,"template":"","format":"standard","meta":{"footnotes":""},"categories":[6,28],"tags":[],"class_list":["post-7600","post","type-post","status-publish","format-standard","has-post-thumbnail","hentry","category-news","category-latest-news"],"_links":{"self":[{"href":"https:\/\/www.obispadorqta.org.ar\/v3\/wp-json\/wp\/v2\/posts\/7600","targetHints":{"allow":["GET"]}}],"collection":[{"href":"https:\/\/www.obispadorqta.org.ar\/v3\/wp-json\/wp\/v2\/posts"}],"about":[{"href":"https:\/\/www.obispadorqta.org.ar\/v3\/wp-json\/wp\/v2\/types\/post"}],"author":[{"embeddable":true,"href":"https:\/\/www.obispadorqta.org.ar\/v3\/wp-json\/wp\/v2\/users\/3"}],"replies":[{"embeddable":true,"href":"https:\/\/www.obispadorqta.org.ar\/v3\/wp-json\/wp\/v2\/comments?post=7600"}],"version-history":[{"count":3,"href":"https:\/\/www.obispadorqta.org.ar\/v3\/wp-json\/wp\/v2\/posts\/7600\/revisions"}],"predecessor-version":[{"id":7609,"href":"https:\/\/www.obispadorqta.org.ar\/v3\/wp-json\/wp\/v2\/posts\/7600\/revisions\/7609"}],"wp:featuredmedia":[{"embeddable":true,"href":"https:\/\/www.obispadorqta.org.ar\/v3\/wp-json\/wp\/v2\/media\/7607"}],"wp:attachment":[{"href":"https:\/\/www.obispadorqta.org.ar\/v3\/wp-json\/wp\/v2\/media?parent=7600"}],"wp:term":[{"taxonomy":"category","embeddable":true,"href":"https:\/\/www.obispadorqta.org.ar\/v3\/wp-json\/wp\/v2\/categories?post=7600"},{"taxonomy":"post_tag","embeddable":true,"href":"https:\/\/www.obispadorqta.org.ar\/v3\/wp-json\/wp\/v2\/tags?post=7600"}],"curies":[{"name":"wp","href":"https:\/\/api.w.org\/{rel}","templated":true}]}}