{"id":7612,"date":"2022-06-07T07:34:00","date_gmt":"2022-06-07T10:34:00","guid":{"rendered":"http:\/\/www.obispadorqta.org.ar\/v3\/?p=7612"},"modified":"2022-06-10T08:24:19","modified_gmt":"2022-06-10T11:24:19","slug":"avisos-parroquiales-25","status":"publish","type":"post","link":"https:\/\/www.obispadorqta.org.ar\/v3\/avisos-parroquiales-25\/","title":{"rendered":"Avisos Parroquiales"},"content":{"rendered":"<p style=\"text-align: justify;\"><strong><span style=\"color: #000000;\">Viernes 10 de Junio<\/span><\/strong><br \/>\n<span style=\"color: #000000;\">16:00 hs.: Misa en Los T\u00e1banos &#8211; Celebrada por el P. Omar Facciolli<\/span><\/p>\n<p style=\"text-align: justify;\"><strong><span style=\"color: #000000;\">S\u00e1bado 11 de Junio<\/span><\/strong><br \/>\n<span style=\"color: #000000;\">18:00 hs.: Misa en Los Amores. Celebrada por el P. Harvey Junior Colonia Marzano<\/span><\/p>\n<p style=\"text-align: justify;\"><strong><span style=\"color: #000000;\">Domingo 12 de Junio<\/span><\/strong><br \/>\n<span style=\"color: #000000;\">08:30 hs.: Misa en Intiyaco. Celebra el Mons. \u00c1ngel Jos\u00e9 Mac\u00edn<\/span><\/p>\n<p><img loading=\"lazy\" decoding=\"async\" class=\"aligncenter  wp-image-7615\" src=\"https:\/\/www.obispadorqta.org.ar\/v3\/wp-content\/uploads\/2022\/06\/IMG-20220610-WA0001.jpg\" alt=\"\" width=\"526\" height=\"643\" srcset=\"https:\/\/www.obispadorqta.org.ar\/v3\/wp-content\/uploads\/2022\/06\/IMG-20220610-WA0001.jpg 685w, https:\/\/www.obispadorqta.org.ar\/v3\/wp-content\/uploads\/2022\/06\/IMG-20220610-WA0001-246x300.jpg 246w\" sizes=\"auto, (max-width: 526px) 100vw, 526px\" \/><\/p>\n","protected":false},"excerpt":{"rendered":"<div class=\"mh-excerpt\"><p>Viernes 10 de Junio 16:00 hs.: Misa en Los T\u00e1banos &#8211; Celebrada por el P. Omar Facciolli S\u00e1bado 11 de Junio 18:00 hs.: Misa en <a class=\"mh-excerpt-more\" href=\"https:\/\/www.obispadorqta.org.ar\/v3\/avisos-parroquiales-25\/\" title=\"Avisos Parroquiales\">[&#8230;]<\/a><\/p>\n<\/div>","protected":false},"author":3,"featured_media":7516,"comment_status":"closed","ping_status":"open","sticky":false,"template":"","format":"standard","meta":{"footnotes":""},"categories":[6,28],"tags":[],"class_list":["post-7612","post","type-post","status-publish","format-standard","has-post-thumbnail","hentry","category-news","category-latest-news"],"_links":{"self":[{"href":"https:\/\/www.obispadorqta.org.ar\/v3\/wp-json\/wp\/v2\/posts\/7612","targetHints":{"allow":["GET"]}}],"collection":[{"href":"https:\/\/www.obispadorqta.org.ar\/v3\/wp-json\/wp\/v2\/posts"}],"about":[{"href":"https:\/\/www.obispadorqta.org.ar\/v3\/wp-json\/wp\/v2\/types\/post"}],"author":[{"embeddable":true,"href":"https:\/\/www.obispadorqta.org.ar\/v3\/wp-json\/wp\/v2\/users\/3"}],"replies":[{"embeddable":true,"href":"https:\/\/www.obispadorqta.org.ar\/v3\/wp-json\/wp\/v2\/comments?post=7612"}],"version-history":[{"count":2,"href":"https:\/\/www.obispadorqta.org.ar\/v3\/wp-json\/wp\/v2\/posts\/7612\/revisions"}],"predecessor-version":[{"id":7617,"href":"https:\/\/www.obispadorqta.org.ar\/v3\/wp-json\/wp\/v2\/posts\/7612\/revisions\/7617"}],"wp:featuredmedia":[{"embeddable":true,"href":"https:\/\/www.obispadorqta.org.ar\/v3\/wp-json\/wp\/v2\/media\/7516"}],"wp:attachment":[{"href":"https:\/\/www.obispadorqta.org.ar\/v3\/wp-json\/wp\/v2\/media?parent=7612"}],"wp:term":[{"taxonomy":"category","embeddable":true,"href":"https:\/\/www.obispadorqta.org.ar\/v3\/wp-json\/wp\/v2\/categories?post=7612"},{"taxonomy":"post_tag","embeddable":true,"href":"https:\/\/www.obispadorqta.org.ar\/v3\/wp-json\/wp\/v2\/tags?post=7612"}],"curies":[{"name":"wp","href":"https:\/\/api.w.org\/{rel}","templated":true}]}}