{"id":7618,"date":"2022-06-10T09:53:14","date_gmt":"2022-06-10T12:53:14","guid":{"rendered":"http:\/\/www.obispadorqta.org.ar\/v3\/?p=7618"},"modified":"2022-06-10T12:12:52","modified_gmt":"2022-06-10T15:12:52","slug":"caritas-animacion-de-colecta-y-nuevo-nombramiento","status":"publish","type":"post","link":"https:\/\/www.obispadorqta.org.ar\/v3\/caritas-animacion-de-colecta-y-nuevo-nombramiento\/","title":{"rendered":"C\u00e1ritas: animaci\u00f3n de colecta y nuevo nombramiento"},"content":{"rendered":"<p style=\"text-align: justify;\">El d\u00eda domingo 12 de junio, en la parroquia \u00abSan Jos\u00e9\u00bb de la ciudad de Reconquista (km 8, Ruta A009), se realizar\u00e1 un compartir fraterno con ocasi\u00f3n de la Colecta Anual de C\u00e1ritas.<\/p>\n<p><img loading=\"lazy\" decoding=\"async\" class=\"aligncenter  wp-image-7620\" src=\"https:\/\/www.obispadorqta.org.ar\/v3\/wp-content\/uploads\/2022\/06\/IMG-20220610-WA0006.jpg\" alt=\"\" width=\"388\" height=\"690\" srcset=\"https:\/\/www.obispadorqta.org.ar\/v3\/wp-content\/uploads\/2022\/06\/IMG-20220610-WA0006.jpg 720w, https:\/\/www.obispadorqta.org.ar\/v3\/wp-content\/uploads\/2022\/06\/IMG-20220610-WA0006-169x300.jpg 169w, https:\/\/www.obispadorqta.org.ar\/v3\/wp-content\/uploads\/2022\/06\/IMG-20220610-WA0006-576x1024.jpg 576w\" sizes=\"auto, (max-width: 388px) 100vw, 388px\" \/><\/p>\n<p style=\"text-align: justify;\"><img loading=\"lazy\" decoding=\"async\" class=\" wp-image-7621 alignleft\" src=\"https:\/\/www.obispadorqta.org.ar\/v3\/wp-content\/uploads\/2022\/06\/126944174_10223526951783381_938000481614861143_n.jpg\" alt=\"\" width=\"151\" height=\"166\" srcset=\"https:\/\/www.obispadorqta.org.ar\/v3\/wp-content\/uploads\/2022\/06\/126944174_10223526951783381_938000481614861143_n.jpg 968w, https:\/\/www.obispadorqta.org.ar\/v3\/wp-content\/uploads\/2022\/06\/126944174_10223526951783381_938000481614861143_n-273x300.jpg 273w, https:\/\/www.obispadorqta.org.ar\/v3\/wp-content\/uploads\/2022\/06\/126944174_10223526951783381_938000481614861143_n-932x1024.jpg 932w, https:\/\/www.obispadorqta.org.ar\/v3\/wp-content\/uploads\/2022\/06\/126944174_10223526951783381_938000481614861143_n-768x843.jpg 768w\" sizes=\"auto, (max-width: 151px) 100vw, 151px\" \/>Este encuentro ser\u00e1 acompa\u00f1ado por el nuevo vicepresidente de C\u00e1ritas diocesana, el Pbro. Jos\u00e9 Antonio Silva P.S.D.P., vicario parroquial de la parroquia \u00abSan Jos\u00e9\u00bb.<\/p>\n","protected":false},"excerpt":{"rendered":"<div class=\"mh-excerpt\"><p>El d\u00eda domingo 12 de junio, en la parroquia \u00abSan Jos\u00e9\u00bb de la ciudad de Reconquista (km 8, Ruta A009), se realizar\u00e1 un compartir fraterno <a class=\"mh-excerpt-more\" href=\"https:\/\/www.obispadorqta.org.ar\/v3\/caritas-animacion-de-colecta-y-nuevo-nombramiento\/\" title=\"C\u00e1ritas: animaci\u00f3n de colecta y nuevo nombramiento\">[&#8230;]<\/a><\/p>\n<\/div>","protected":false},"author":2,"featured_media":7629,"comment_status":"closed","ping_status":"open","sticky":false,"template":"","format":"standard","meta":{"footnotes":""},"categories":[6,28],"tags":[],"class_list":["post-7618","post","type-post","status-publish","format-standard","has-post-thumbnail","hentry","category-news","category-latest-news"],"_links":{"self":[{"href":"https:\/\/www.obispadorqta.org.ar\/v3\/wp-json\/wp\/v2\/posts\/7618","targetHints":{"allow":["GET"]}}],"collection":[{"href":"https:\/\/www.obispadorqta.org.ar\/v3\/wp-json\/wp\/v2\/posts"}],"about":[{"href":"https:\/\/www.obispadorqta.org.ar\/v3\/wp-json\/wp\/v2\/types\/post"}],"author":[{"embeddable":true,"href":"https:\/\/www.obispadorqta.org.ar\/v3\/wp-json\/wp\/v2\/users\/2"}],"replies":[{"embeddable":true,"href":"https:\/\/www.obispadorqta.org.ar\/v3\/wp-json\/wp\/v2\/comments?post=7618"}],"version-history":[{"count":7,"href":"https:\/\/www.obispadorqta.org.ar\/v3\/wp-json\/wp\/v2\/posts\/7618\/revisions"}],"predecessor-version":[{"id":7630,"href":"https:\/\/www.obispadorqta.org.ar\/v3\/wp-json\/wp\/v2\/posts\/7618\/revisions\/7630"}],"wp:featuredmedia":[{"embeddable":true,"href":"https:\/\/www.obispadorqta.org.ar\/v3\/wp-json\/wp\/v2\/media\/7629"}],"wp:attachment":[{"href":"https:\/\/www.obispadorqta.org.ar\/v3\/wp-json\/wp\/v2\/media?parent=7618"}],"wp:term":[{"taxonomy":"category","embeddable":true,"href":"https:\/\/www.obispadorqta.org.ar\/v3\/wp-json\/wp\/v2\/categories?post=7618"},{"taxonomy":"post_tag","embeddable":true,"href":"https:\/\/www.obispadorqta.org.ar\/v3\/wp-json\/wp\/v2\/tags?post=7618"}],"curies":[{"name":"wp","href":"https:\/\/api.w.org\/{rel}","templated":true}]}}