{"id":7637,"date":"2022-06-15T10:57:05","date_gmt":"2022-06-15T13:57:05","guid":{"rendered":"http:\/\/www.obispadorqta.org.ar\/v3\/?p=7637"},"modified":"2022-06-16T11:20:29","modified_gmt":"2022-06-16T14:20:29","slug":"avisos-parroquia-de-intiyaco-3","status":"publish","type":"post","link":"https:\/\/www.obispadorqta.org.ar\/v3\/avisos-parroquia-de-intiyaco-3\/","title":{"rendered":"AVISOS PARROQUIA DE INTIYACO"},"content":{"rendered":"<p style=\"text-align: justify;\"><strong>S\u00c1BADO 18 DE JUNIO, DE 14 HS A 20 HS. GRAN ENCUENTRO EUCARISTICO PARROQUIAL.\u00a0<\/strong><\/p>\n<p style=\"text-align: justify;\"><strong>TODAS LAS COMUNIDADES PARROQUIALES ESTAN INVITADAS A PARTICIPAR, ESPECIALMENTE LAS FAMILIAS DE CATEQUESIS.<\/strong><\/p>\n<p style=\"text-align: justify;\"><strong>A LAS 19 HS. CELEBRACI\u00d3N DE LA SANTA MISA PRESIDIDA POR EL OBISPO, MONS. \u00c1NGEL JOS\u00c9 MAC\u00cdN<\/strong><\/p>\n<p><em>Recordamos que en la Comunidad de Tartagal sigue con la Novena al \u00abSagrado Coraz\u00f3n de Jes\u00fas\u00bb en preparaci\u00f3n a su Fiesta Patronal.-<\/em><\/p>\n\n\n<p><\/p>\n","protected":false},"excerpt":{"rendered":"<div class=\"mh-excerpt\"><p>S\u00c1BADO 18 DE JUNIO, DE 14 HS A 20 HS. GRAN ENCUENTRO EUCARISTICO PARROQUIAL.\u00a0 TODAS LAS COMUNIDADES PARROQUIALES ESTAN INVITADAS A PARTICIPAR, ESPECIALMENTE LAS FAMILIAS <a class=\"mh-excerpt-more\" href=\"https:\/\/www.obispadorqta.org.ar\/v3\/avisos-parroquia-de-intiyaco-3\/\" title=\"AVISOS PARROQUIA DE INTIYACO\">[&#8230;]<\/a><\/p>\n<\/div>","protected":false},"author":3,"featured_media":7699,"comment_status":"closed","ping_status":"open","sticky":false,"template":"","format":"standard","meta":{"footnotes":""},"categories":[6,28],"tags":[],"class_list":["post-7637","post","type-post","status-publish","format-standard","has-post-thumbnail","hentry","category-news","category-latest-news"],"_links":{"self":[{"href":"https:\/\/www.obispadorqta.org.ar\/v3\/wp-json\/wp\/v2\/posts\/7637","targetHints":{"allow":["GET"]}}],"collection":[{"href":"https:\/\/www.obispadorqta.org.ar\/v3\/wp-json\/wp\/v2\/posts"}],"about":[{"href":"https:\/\/www.obispadorqta.org.ar\/v3\/wp-json\/wp\/v2\/types\/post"}],"author":[{"embeddable":true,"href":"https:\/\/www.obispadorqta.org.ar\/v3\/wp-json\/wp\/v2\/users\/3"}],"replies":[{"embeddable":true,"href":"https:\/\/www.obispadorqta.org.ar\/v3\/wp-json\/wp\/v2\/comments?post=7637"}],"version-history":[{"count":6,"href":"https:\/\/www.obispadorqta.org.ar\/v3\/wp-json\/wp\/v2\/posts\/7637\/revisions"}],"predecessor-version":[{"id":7700,"href":"https:\/\/www.obispadorqta.org.ar\/v3\/wp-json\/wp\/v2\/posts\/7637\/revisions\/7700"}],"wp:featuredmedia":[{"embeddable":true,"href":"https:\/\/www.obispadorqta.org.ar\/v3\/wp-json\/wp\/v2\/media\/7699"}],"wp:attachment":[{"href":"https:\/\/www.obispadorqta.org.ar\/v3\/wp-json\/wp\/v2\/media?parent=7637"}],"wp:term":[{"taxonomy":"category","embeddable":true,"href":"https:\/\/www.obispadorqta.org.ar\/v3\/wp-json\/wp\/v2\/categories?post=7637"},{"taxonomy":"post_tag","embeddable":true,"href":"https:\/\/www.obispadorqta.org.ar\/v3\/wp-json\/wp\/v2\/tags?post=7637"}],"curies":[{"name":"wp","href":"https:\/\/api.w.org\/{rel}","templated":true}]}}