{"id":7706,"date":"2022-06-22T08:40:14","date_gmt":"2022-06-22T11:40:14","guid":{"rendered":"http:\/\/www.obispadorqta.org.ar\/v3\/?p=7706"},"modified":"2022-06-26T17:21:47","modified_gmt":"2022-06-26T20:21:47","slug":"avisos-parroquia-intiyaco","status":"publish","type":"post","link":"https:\/\/www.obispadorqta.org.ar\/v3\/avisos-parroquia-intiyaco\/","title":{"rendered":"Avisos Parroquia Intiyaco"},"content":{"rendered":"<p><strong><span style=\"color: #000000;\">Viernes 24 de Junio<\/span><span style=\"color: black;\"><span style=\"color: #000000;\"> \u2013<\/span> Fiesta Patronal en Tartagal, en honor al Sagrado Coraz\u00f3n de Jes\u00fas. <\/span><\/strong><br \/>\n<span style=\"color: black;\">10:00 hs.: Procesi\u00f3n, desde el Club Belgrano hasta la Capilla. Luego celebraci\u00f3n de la Santa Misa, Celebrada por Mons. \u00c1ngel Jos\u00e9 Mac\u00edn.&nbsp;<\/span><\/p>\n<p><span style=\"color: black;\">Al mediod\u00eda habr\u00e1 venta de pollos asados, empanadas y ensaladas. El domingo 26 continuar\u00e1n los festejos con la Fiesta Popular desde las 15 hs.<b><\/b><\/span><\/p>\n<p style=\"margin: 0cm; margin-bottom: .0001pt;\"><strong><span style=\"color: black;\">S\u00e1bado 25 de Junio<\/span><\/strong><br \/>\n<span style=\"color: black;\">18:00 hs.: Misa en Los Amores. Celebrada por el P. Harvey Junior Colonia Marzano<\/span><\/p>\n<p style=\"margin: 0cm; margin-bottom: .0001pt;\"><span style=\"color: black;\">18:00 hs.: Misa en Colmena. Celebra el Mons. \u00c1ngel Jos\u00e9 Mac\u00edn<\/span><\/p>\n<p><strong><span style=\"color: black;\">Domingo 26 de Junio<\/span><\/strong><br \/>\n<span style=\"color: black;\">08:30 hs.: Misa en Intiyaco. Celebra el Mons. \u00c1ngel Jos\u00e9 Mac\u00edn<\/span><\/p>\n","protected":false},"excerpt":{"rendered":"<div class=\"mh-excerpt\"><p>Viernes 24 de Junio \u2013 Fiesta Patronal en Tartagal, en honor al Sagrado Coraz\u00f3n de Jes\u00fas. 10:00 hs.: Procesi\u00f3n, desde el Club Belgrano hasta la <a class=\"mh-excerpt-more\" href=\"https:\/\/www.obispadorqta.org.ar\/v3\/avisos-parroquia-intiyaco\/\" title=\"Avisos Parroquia Intiyaco\">[&#8230;]<\/a><\/p>\n<\/div>","protected":false},"author":3,"featured_media":7516,"comment_status":"closed","ping_status":"open","sticky":false,"template":"","format":"standard","meta":{"footnotes":""},"categories":[6,28],"tags":[],"class_list":["post-7706","post","type-post","status-publish","format-standard","has-post-thumbnail","hentry","category-news","category-latest-news"],"_links":{"self":[{"href":"https:\/\/www.obispadorqta.org.ar\/v3\/wp-json\/wp\/v2\/posts\/7706","targetHints":{"allow":["GET"]}}],"collection":[{"href":"https:\/\/www.obispadorqta.org.ar\/v3\/wp-json\/wp\/v2\/posts"}],"about":[{"href":"https:\/\/www.obispadorqta.org.ar\/v3\/wp-json\/wp\/v2\/types\/post"}],"author":[{"embeddable":true,"href":"https:\/\/www.obispadorqta.org.ar\/v3\/wp-json\/wp\/v2\/users\/3"}],"replies":[{"embeddable":true,"href":"https:\/\/www.obispadorqta.org.ar\/v3\/wp-json\/wp\/v2\/comments?post=7706"}],"version-history":[{"count":3,"href":"https:\/\/www.obispadorqta.org.ar\/v3\/wp-json\/wp\/v2\/posts\/7706\/revisions"}],"predecessor-version":[{"id":7727,"href":"https:\/\/www.obispadorqta.org.ar\/v3\/wp-json\/wp\/v2\/posts\/7706\/revisions\/7727"}],"wp:featuredmedia":[{"embeddable":true,"href":"https:\/\/www.obispadorqta.org.ar\/v3\/wp-json\/wp\/v2\/media\/7516"}],"wp:attachment":[{"href":"https:\/\/www.obispadorqta.org.ar\/v3\/wp-json\/wp\/v2\/media?parent=7706"}],"wp:term":[{"taxonomy":"category","embeddable":true,"href":"https:\/\/www.obispadorqta.org.ar\/v3\/wp-json\/wp\/v2\/categories?post=7706"},{"taxonomy":"post_tag","embeddable":true,"href":"https:\/\/www.obispadorqta.org.ar\/v3\/wp-json\/wp\/v2\/tags?post=7706"}],"curies":[{"name":"wp","href":"https:\/\/api.w.org\/{rel}","templated":true}]}}