{"id":7709,"date":"2022-06-23T09:09:56","date_gmt":"2022-06-23T12:09:56","guid":{"rendered":"http:\/\/www.obispadorqta.org.ar\/v3\/?p=7709"},"modified":"2022-06-23T10:36:54","modified_gmt":"2022-06-23T13:36:54","slug":"exposicion-pastoral-de-adicciones","status":"publish","type":"post","link":"https:\/\/www.obispadorqta.org.ar\/v3\/exposicion-pastoral-de-adicciones\/","title":{"rendered":"EXPOSICI\u00d3N PASTORAL DE ADICCIONES"},"content":{"rendered":"<p style=\"text-align: justify;\"><span style=\"color: #000000;\">El pr\u00f3ximo domingo 26 de junio, de 14 a 18 hs., la Pastoral de Adicciones Diocesana, al celebrarse el d\u00eda internacional de la Lucha contra el uso indebido y el tr\u00e1fico il\u00edcito de drogas, organiza una exposici\u00f3n de sus actividades y un festival para las familias y p\u00fablico en general, en la Plaza 25 de Mayo de la ciudad de Reconquista.<\/span><\/p>\n<p style=\"text-align: justify;\"><span style=\"color: #000000;\">La intenci\u00f3n es visibilizar la problem\u00e1tica, dar a conocer las diferentes iniciativas que se llevan a cabo en la Di\u00f3cesis de Reconquista y compartir un momento fraterno.<\/span><\/p>\n<p style=\"text-align: justify;\"><span style=\"color: #000000;\">Se invita a quienes quieran acercarse, a expresar con su presencia su adhesi\u00f3n a esta causa.<\/span><\/p>\n","protected":false},"excerpt":{"rendered":"<div class=\"mh-excerpt\"><p>El pr\u00f3ximo domingo 26 de junio, de 14 a 18 hs., la Pastoral de Adicciones Diocesana, al celebrarse el d\u00eda internacional de la Lucha contra <a class=\"mh-excerpt-more\" href=\"https:\/\/www.obispadorqta.org.ar\/v3\/exposicion-pastoral-de-adicciones\/\" title=\"EXPOSICI\u00d3N PASTORAL DE ADICCIONES\">[&#8230;]<\/a><\/p>\n<\/div>","protected":false},"author":3,"featured_media":7726,"comment_status":"closed","ping_status":"open","sticky":false,"template":"","format":"standard","meta":{"footnotes":""},"categories":[6,28],"tags":[],"class_list":["post-7709","post","type-post","status-publish","format-standard","has-post-thumbnail","hentry","category-news","category-latest-news"],"_links":{"self":[{"href":"https:\/\/www.obispadorqta.org.ar\/v3\/wp-json\/wp\/v2\/posts\/7709","targetHints":{"allow":["GET"]}}],"collection":[{"href":"https:\/\/www.obispadorqta.org.ar\/v3\/wp-json\/wp\/v2\/posts"}],"about":[{"href":"https:\/\/www.obispadorqta.org.ar\/v3\/wp-json\/wp\/v2\/types\/post"}],"author":[{"embeddable":true,"href":"https:\/\/www.obispadorqta.org.ar\/v3\/wp-json\/wp\/v2\/users\/3"}],"replies":[{"embeddable":true,"href":"https:\/\/www.obispadorqta.org.ar\/v3\/wp-json\/wp\/v2\/comments?post=7709"}],"version-history":[{"count":1,"href":"https:\/\/www.obispadorqta.org.ar\/v3\/wp-json\/wp\/v2\/posts\/7709\/revisions"}],"predecessor-version":[{"id":7711,"href":"https:\/\/www.obispadorqta.org.ar\/v3\/wp-json\/wp\/v2\/posts\/7709\/revisions\/7711"}],"wp:featuredmedia":[{"embeddable":true,"href":"https:\/\/www.obispadorqta.org.ar\/v3\/wp-json\/wp\/v2\/media\/7726"}],"wp:attachment":[{"href":"https:\/\/www.obispadorqta.org.ar\/v3\/wp-json\/wp\/v2\/media?parent=7709"}],"wp:term":[{"taxonomy":"category","embeddable":true,"href":"https:\/\/www.obispadorqta.org.ar\/v3\/wp-json\/wp\/v2\/categories?post=7709"},{"taxonomy":"post_tag","embeddable":true,"href":"https:\/\/www.obispadorqta.org.ar\/v3\/wp-json\/wp\/v2\/tags?post=7709"}],"curies":[{"name":"wp","href":"https:\/\/api.w.org\/{rel}","templated":true}]}}