{"id":7744,"date":"2022-07-01T10:15:07","date_gmt":"2022-07-01T13:15:07","guid":{"rendered":"http:\/\/www.obispadorqta.org.ar\/v3\/?p=7744"},"modified":"2022-07-29T10:49:25","modified_gmt":"2022-07-29T13:49:25","slug":"42-peregrinacion-catequesis-especial-a-itati","status":"publish","type":"post","link":"https:\/\/www.obispadorqta.org.ar\/v3\/42-peregrinacion-catequesis-especial-a-itati\/","title":{"rendered":"42 Peregrinaci\u00f3n Catequesis Especial a Itat\u00ed"},"content":{"rendered":"<p style=\"text-align: justify;\"><span style=\"color: #000000;\">Las Familias de la Catequesis Especial NEA vuelve a Peregrinar a la Bas\u00edlica de Itat\u00ed, este a\u00f1o en la modalidad presencial. La fecha ser\u00e1 el<strong> domingo 28 de agosto de 2022.-<\/strong><\/span><\/p>\n<p style=\"text-align: justify;\"><span style=\"color: #000000;\">Bajo el lema <strong><em>\u201cCon Mama Mar\u00eda seguimos caminando alegres hacia Jes\u00fas\u201d<\/em><\/strong>, todo est\u00e1 planificado en el marco del camino sinodal y de la Alegr\u00eda que caracteriza a nuestra catequesis Especial NEA.<\/span><\/p>\n<p style=\"text-align: justify;\"><span style=\"color: #000000;\">El d\u00eda 9 de julio a las 17 hs., por redes sociales se har\u00e1 el anuncio y la oraci\u00f3n por esta peregrinaci\u00f3n de la que participaran las 10 di\u00f3cesis del Noreste.<\/span><\/p>\n<p style=\"text-align: justify;\"><span style=\"color: #000000;\">Luego cada s\u00e1bado, las distintas di\u00f3cesis de la regi\u00f3n ir\u00e1n animando en vivo hasta llegar a ese fin de semana del encuentro.<\/span><\/p>\n<p style=\"text-align: justify;\"><strong><span style=\"color: #333333;\">A los grupos de Catequesis Especial de la Di\u00f3cesis de Reconquista les comunicamos que el matrimonio de Lalo y Mary Sandoval son referentes de esta Peregrinaci\u00f3n y se pueden comunicar al TE 430569 -Reconquista.<\/span><\/strong><\/p>\n","protected":false},"excerpt":{"rendered":"<div class=\"mh-excerpt\"><p>Las Familias de la Catequesis Especial NEA vuelve a Peregrinar a la Bas\u00edlica de Itat\u00ed, este a\u00f1o en la modalidad presencial. La fecha ser\u00e1 el <a class=\"mh-excerpt-more\" href=\"https:\/\/www.obispadorqta.org.ar\/v3\/42-peregrinacion-catequesis-especial-a-itati\/\" title=\"42 Peregrinaci\u00f3n Catequesis Especial a Itat\u00ed\">[&#8230;]<\/a><\/p>\n<\/div>","protected":false},"author":3,"featured_media":7745,"comment_status":"closed","ping_status":"open","sticky":false,"template":"","format":"standard","meta":{"footnotes":""},"categories":[6,28],"tags":[],"class_list":["post-7744","post","type-post","status-publish","format-standard","has-post-thumbnail","hentry","category-news","category-latest-news"],"_links":{"self":[{"href":"https:\/\/www.obispadorqta.org.ar\/v3\/wp-json\/wp\/v2\/posts\/7744","targetHints":{"allow":["GET"]}}],"collection":[{"href":"https:\/\/www.obispadorqta.org.ar\/v3\/wp-json\/wp\/v2\/posts"}],"about":[{"href":"https:\/\/www.obispadorqta.org.ar\/v3\/wp-json\/wp\/v2\/types\/post"}],"author":[{"embeddable":true,"href":"https:\/\/www.obispadorqta.org.ar\/v3\/wp-json\/wp\/v2\/users\/3"}],"replies":[{"embeddable":true,"href":"https:\/\/www.obispadorqta.org.ar\/v3\/wp-json\/wp\/v2\/comments?post=7744"}],"version-history":[{"count":2,"href":"https:\/\/www.obispadorqta.org.ar\/v3\/wp-json\/wp\/v2\/posts\/7744\/revisions"}],"predecessor-version":[{"id":7747,"href":"https:\/\/www.obispadorqta.org.ar\/v3\/wp-json\/wp\/v2\/posts\/7744\/revisions\/7747"}],"wp:featuredmedia":[{"embeddable":true,"href":"https:\/\/www.obispadorqta.org.ar\/v3\/wp-json\/wp\/v2\/media\/7745"}],"wp:attachment":[{"href":"https:\/\/www.obispadorqta.org.ar\/v3\/wp-json\/wp\/v2\/media?parent=7744"}],"wp:term":[{"taxonomy":"category","embeddable":true,"href":"https:\/\/www.obispadorqta.org.ar\/v3\/wp-json\/wp\/v2\/categories?post=7744"},{"taxonomy":"post_tag","embeddable":true,"href":"https:\/\/www.obispadorqta.org.ar\/v3\/wp-json\/wp\/v2\/tags?post=7744"}],"curies":[{"name":"wp","href":"https:\/\/api.w.org\/{rel}","templated":true}]}}