{"id":7755,"date":"2022-07-08T11:18:04","date_gmt":"2022-07-08T14:18:04","guid":{"rendered":"http:\/\/www.obispadorqta.org.ar\/v3\/?p=7755"},"modified":"2022-07-08T11:18:30","modified_gmt":"2022-07-08T14:18:30","slug":"te-deum-ecumenico","status":"publish","type":"post","link":"https:\/\/www.obispadorqta.org.ar\/v3\/te-deum-ecumenico\/","title":{"rendered":"TE DEUM ECUM\u00c9NICO"},"content":{"rendered":"<p style=\"text-align: justify;\">De acuerdo a una costumbre que se va arraigando en Reconquista, el pr\u00f3ximo 9 de Julio, a las 09.00 hs, se realizar\u00e1 el \u00abTe Deum\u00bb en la Iglesia Catedral de Reconquista, con la participaci\u00f3n de varios pastores y congregaciones, no s\u00f3lo de la ciudad, sino tambi\u00e9n de otras poblaciones.<\/p>\n<p style=\"text-align: justify;\">En el mismo, un espacio de oraci\u00f3n y alabanza a Dios por su obra y su presencia en nuestra patria, tambi\u00e9n rezaremos para poder crecer en nuestro compromiso ciudadano, y porque podamos forjar un pa\u00eds m\u00e1s justo y solidario.<\/p>\n","protected":false},"excerpt":{"rendered":"<div class=\"mh-excerpt\"><p>De acuerdo a una costumbre que se va arraigando en Reconquista, el pr\u00f3ximo 9 de Julio, a las 09.00 hs, se realizar\u00e1 el \u00abTe Deum\u00bb <a class=\"mh-excerpt-more\" href=\"https:\/\/www.obispadorqta.org.ar\/v3\/te-deum-ecumenico\/\" title=\"TE DEUM ECUM\u00c9NICO\">[&#8230;]<\/a><\/p>\n<\/div>","protected":false},"author":3,"featured_media":7756,"comment_status":"closed","ping_status":"open","sticky":false,"template":"","format":"standard","meta":{"footnotes":""},"categories":[6,28],"tags":[],"class_list":["post-7755","post","type-post","status-publish","format-standard","has-post-thumbnail","hentry","category-news","category-latest-news"],"_links":{"self":[{"href":"https:\/\/www.obispadorqta.org.ar\/v3\/wp-json\/wp\/v2\/posts\/7755","targetHints":{"allow":["GET"]}}],"collection":[{"href":"https:\/\/www.obispadorqta.org.ar\/v3\/wp-json\/wp\/v2\/posts"}],"about":[{"href":"https:\/\/www.obispadorqta.org.ar\/v3\/wp-json\/wp\/v2\/types\/post"}],"author":[{"embeddable":true,"href":"https:\/\/www.obispadorqta.org.ar\/v3\/wp-json\/wp\/v2\/users\/3"}],"replies":[{"embeddable":true,"href":"https:\/\/www.obispadorqta.org.ar\/v3\/wp-json\/wp\/v2\/comments?post=7755"}],"version-history":[{"count":1,"href":"https:\/\/www.obispadorqta.org.ar\/v3\/wp-json\/wp\/v2\/posts\/7755\/revisions"}],"predecessor-version":[{"id":7757,"href":"https:\/\/www.obispadorqta.org.ar\/v3\/wp-json\/wp\/v2\/posts\/7755\/revisions\/7757"}],"wp:featuredmedia":[{"embeddable":true,"href":"https:\/\/www.obispadorqta.org.ar\/v3\/wp-json\/wp\/v2\/media\/7756"}],"wp:attachment":[{"href":"https:\/\/www.obispadorqta.org.ar\/v3\/wp-json\/wp\/v2\/media?parent=7755"}],"wp:term":[{"taxonomy":"category","embeddable":true,"href":"https:\/\/www.obispadorqta.org.ar\/v3\/wp-json\/wp\/v2\/categories?post=7755"},{"taxonomy":"post_tag","embeddable":true,"href":"https:\/\/www.obispadorqta.org.ar\/v3\/wp-json\/wp\/v2\/tags?post=7755"}],"curies":[{"name":"wp","href":"https:\/\/api.w.org\/{rel}","templated":true}]}}