{"id":7760,"date":"2022-07-13T10:23:57","date_gmt":"2022-07-13T13:23:57","guid":{"rendered":"http:\/\/www.obispadorqta.org.ar\/v3\/?p=7760"},"modified":"2022-07-13T10:25:27","modified_gmt":"2022-07-13T13:25:27","slug":"avisos-parroquia-de-intiyaco-5","status":"publish","type":"post","link":"https:\/\/www.obispadorqta.org.ar\/v3\/avisos-parroquia-de-intiyaco-5\/","title":{"rendered":"Avisos Parroquia de Intiyaco"},"content":{"rendered":"<p style=\"text-align: justify;\"><strong>VIERNES 15 DE JULIO<\/strong><br \/>\n18:00 hs.: Misa en Garabato. <em>Celebra Mons. \u00c1ngel Jos\u00e9 Mac\u00edn <\/em><\/p>\n<p style=\"text-align: justify;\">18:00 hs.: Misa en Tartagal. <em>Celebra el Pbro. Omar Faccioli<\/em><\/p>\n<p style=\"text-align: justify;\"><strong>S\u00c1BADO 16 DE JULIO<\/strong><br \/>\n10:00 hs. Fiesta Patronal en los LOS AMORES. <em>Celebra Mons. \u00c1ngel Jos\u00e9 Mac\u00edn<\/em><\/p>\n<p style=\"text-align: justify;\">15:00 hs. Fiesta Patronal en el KM 115. <em>Celebra Mons. \u00c1ngel Jos\u00e9 Mac`\u00edn\u00a0<\/em><\/p>\n<p><strong>DOMINGO 17 DE JULIO<\/strong><br \/>\n08:30hs.: Misa en el Templo Parroquial de Intiyaco. Celebra. Mons. \u00c1ngel Jos\u00e9 Mac\u00edn<\/p>\n","protected":false},"excerpt":{"rendered":"<div class=\"mh-excerpt\"><p>VIERNES 15 DE JULIO 18:00 hs.: Misa en Garabato. Celebra Mons. \u00c1ngel Jos\u00e9 Mac\u00edn 18:00 hs.: Misa en Tartagal. Celebra el Pbro. Omar Faccioli S\u00c1BADO <a class=\"mh-excerpt-more\" href=\"https:\/\/www.obispadorqta.org.ar\/v3\/avisos-parroquia-de-intiyaco-5\/\" title=\"Avisos Parroquia de Intiyaco\">[&#8230;]<\/a><\/p>\n<\/div>","protected":false},"author":3,"featured_media":7516,"comment_status":"closed","ping_status":"open","sticky":false,"template":"","format":"standard","meta":{"footnotes":""},"categories":[6,28],"tags":[],"class_list":["post-7760","post","type-post","status-publish","format-standard","has-post-thumbnail","hentry","category-news","category-latest-news"],"_links":{"self":[{"href":"https:\/\/www.obispadorqta.org.ar\/v3\/wp-json\/wp\/v2\/posts\/7760","targetHints":{"allow":["GET"]}}],"collection":[{"href":"https:\/\/www.obispadorqta.org.ar\/v3\/wp-json\/wp\/v2\/posts"}],"about":[{"href":"https:\/\/www.obispadorqta.org.ar\/v3\/wp-json\/wp\/v2\/types\/post"}],"author":[{"embeddable":true,"href":"https:\/\/www.obispadorqta.org.ar\/v3\/wp-json\/wp\/v2\/users\/3"}],"replies":[{"embeddable":true,"href":"https:\/\/www.obispadorqta.org.ar\/v3\/wp-json\/wp\/v2\/comments?post=7760"}],"version-history":[{"count":1,"href":"https:\/\/www.obispadorqta.org.ar\/v3\/wp-json\/wp\/v2\/posts\/7760\/revisions"}],"predecessor-version":[{"id":7761,"href":"https:\/\/www.obispadorqta.org.ar\/v3\/wp-json\/wp\/v2\/posts\/7760\/revisions\/7761"}],"wp:featuredmedia":[{"embeddable":true,"href":"https:\/\/www.obispadorqta.org.ar\/v3\/wp-json\/wp\/v2\/media\/7516"}],"wp:attachment":[{"href":"https:\/\/www.obispadorqta.org.ar\/v3\/wp-json\/wp\/v2\/media?parent=7760"}],"wp:term":[{"taxonomy":"category","embeddable":true,"href":"https:\/\/www.obispadorqta.org.ar\/v3\/wp-json\/wp\/v2\/categories?post=7760"},{"taxonomy":"post_tag","embeddable":true,"href":"https:\/\/www.obispadorqta.org.ar\/v3\/wp-json\/wp\/v2\/tags?post=7760"}],"curies":[{"name":"wp","href":"https:\/\/api.w.org\/{rel}","templated":true}]}}