{"id":7762,"date":"2022-07-14T13:35:53","date_gmt":"2022-07-14T16:35:53","guid":{"rendered":"http:\/\/www.obispadorqta.org.ar\/v3\/?p=7762"},"modified":"2022-07-14T13:36:01","modified_gmt":"2022-07-14T16:36:01","slug":"ii-jornada-mundial-de-los-abuelos-y-de-los-mayores","status":"publish","type":"post","link":"https:\/\/www.obispadorqta.org.ar\/v3\/ii-jornada-mundial-de-los-abuelos-y-de-los-mayores\/","title":{"rendered":"II Jornada Mundial de los abuelos y de los mayores"},"content":{"rendered":"<p style=\"text-align: center;\"><strong>SEGUNDA JORNADA MUNDIAL DE LOS ABUELOS Y MAYORES<\/strong><\/p>\n<p style=\"text-align: justify;\">El 26 de julio, de cada a\u00f1o, la Iglesia celebra la festividad de San Joaqu\u00edn y Santa Ana, los padres de la Virgen Mar\u00eda y abuelos de Jes\u00fas. En el marco de esta celebraci\u00f3n, el Papa Francisco instituy\u00f3 la \u201cJornada Mundial de los Abuelos y Mayores\u201d, que este a\u00f1o se celebrar\u00e1 el pr\u00f3ximo 24 de julio, con el lema \u201cEn la vejez, seguir\u00e1n dando frutos\u201d (Sal 92,15). Quiere el Papa resaltar el valor de la ancianidad que, al rev\u00e9s de lo que piensa el mundo, puede seguir dando frutos y constituye un valor y un don para las familias, las comunidades cristianas y la sociedad toda. \u00c9l mismo lo est\u00e1 testimoniando con su propia vida y entrega generosa.<\/p>\n<p style=\"text-align: justify;\">Los cambios culturales y econ\u00f3micos de las \u00faltimas d\u00e9cadas, el progresivo aumento de la longevidad de la vida humana y el consecuente envejecimiento poblacional del mundo, sin precedentes en la historia, son una revoluci\u00f3n social silenciosa que, apoyada en la acelerada din\u00e1mica de las sociedades modernas, ha generado el distanciamiento y la sepa-raci\u00f3n entre los diversos grupos etarios (distanciamiento y separaci\u00f3n provocados tambi\u00e9n por una cultura sin Dios), a pesar de que \u201cal mundo nunca le sirvi\u00f3 ni le servir\u00e1 la ruptura entre generaciones\u201d (CV, 191).<\/p>\n<p style=\"text-align: justify;\">En su Exhortaci\u00f3n Apost\u00f3lica \u201cChristus Vivit\u201d, dirigida especialmente a los j\u00f3venes, el Papa recuerda el consejo b\u00edblico de no perder el contacto con los ancianos, porque \u201clos largos a\u00f1os que ellos vivieron y todo lo que han pasado en la vida, deben llevarnos a mirarlos con respeto\u201d (CV, 188). Son los abuelos los que nos ayudan a hacer de nuestras familias un lugar de ra\u00edces fuertes que nos permitan crecer y desarrollarnos, respondiendo a los nuevos desaf\u00edos. Constatamos tambi\u00e9n hoy un panorama distinto al del abuelo tradicional, pues vemos el surgimiento de una nueva generaci\u00f3n de abuelos que atienden a sus propios padres, a sus hijos y a sus nietos. Por eso nos insiste el Papa en que debemos revitalizar la alianza de las generaciones, promoviendo incansablemente el di\u00e1logo entre los j\u00f3venes y los ancianos, entre los abuelos y los nietos, di\u00e1logo que ser\u00e1 fecundo para todos.<\/p>\n<p style=\"text-align: justify;\">Con este esp\u00edritu, deseamos reconocer, valorizar y agradecer, con amor y generosidad, lo que todos los abuelos y mayores han hecho, hacen y har\u00e1n, desde su rol insustituible de maestros de la vida, para acompa\u00f1ar, cuidar e integrar a las familias, asegurando la transmisi\u00f3n de los grandes valores humanos, as\u00ed como comunicando, de generaci\u00f3n en generaci\u00f3n, su legado de carismas, gratitud, experiencia y sabidur\u00eda, mostrando la interdependencia de las generaciones en el Pueblo de Dios.<\/p>\n<p style=\"text-align: justify;\">En el d\u00eda de San Joaqu\u00edn y Santa Ana, los abuelos de Jes\u00fas, y en cada uno de los d\u00edas del a\u00f1o, la Iglesia nos invita a participar activamente en la revalorizaci\u00f3n del rol de los abuelos y los adultos mayores en todos los sectores de la comunidad, suscitando en la Iglesia y en la sociedad, una mirada renovada sobre ellos.<\/p>\n<p style=\"text-align: justify;\">En este nuevo D\u00eda de los Abuelos, damos a gracias a Dios y a la Virgen por la bendici\u00f3n de la larga vida que les ha concedido. Deseamos comprometernos, familiar y socialmente, a respetar sus opiniones, atender sus necesidades, proteger su intimidad, fomentar su mayor participaci\u00f3n y protagonismo, garantiz\u00e1ndoles condiciones de vida siempre m\u00e1s humanas, as\u00ed como el respeto a su dignidad y la tutela efectiva de sus derechos fundamentales, para que los abuelos, al transitar la etapa de su vejez, sigan siendo verdaderos protagonistas de la familia y la sociedad que ellos crearon.<\/p>\n<h3 style=\"text-align: justify;\"><strong>\u201cQue en la vejez, sigan dando frutos\u201d.<\/strong><\/h3>\n<h4 style=\"text-align: center;\">Equipo Pastoral de Adultos Mayores<br \/>\nCEVILAF, Conferencia Episcopal Argentina<\/h4>\n","protected":false},"excerpt":{"rendered":"<div class=\"mh-excerpt\"><p>SEGUNDA JORNADA MUNDIAL DE LOS ABUELOS Y MAYORES El 26 de julio, de cada a\u00f1o, la Iglesia celebra la festividad de San Joaqu\u00edn y Santa <a class=\"mh-excerpt-more\" href=\"https:\/\/www.obispadorqta.org.ar\/v3\/ii-jornada-mundial-de-los-abuelos-y-de-los-mayores\/\" title=\"II Jornada Mundial de los abuelos y de los mayores\">[&#8230;]<\/a><\/p>\n<\/div>","protected":false},"author":2,"featured_media":7763,"comment_status":"closed","ping_status":"open","sticky":false,"template":"","format":"standard","meta":{"footnotes":""},"categories":[6,28],"tags":[],"class_list":["post-7762","post","type-post","status-publish","format-standard","has-post-thumbnail","hentry","category-news","category-latest-news"],"_links":{"self":[{"href":"https:\/\/www.obispadorqta.org.ar\/v3\/wp-json\/wp\/v2\/posts\/7762","targetHints":{"allow":["GET"]}}],"collection":[{"href":"https:\/\/www.obispadorqta.org.ar\/v3\/wp-json\/wp\/v2\/posts"}],"about":[{"href":"https:\/\/www.obispadorqta.org.ar\/v3\/wp-json\/wp\/v2\/types\/post"}],"author":[{"embeddable":true,"href":"https:\/\/www.obispadorqta.org.ar\/v3\/wp-json\/wp\/v2\/users\/2"}],"replies":[{"embeddable":true,"href":"https:\/\/www.obispadorqta.org.ar\/v3\/wp-json\/wp\/v2\/comments?post=7762"}],"version-history":[{"count":2,"href":"https:\/\/www.obispadorqta.org.ar\/v3\/wp-json\/wp\/v2\/posts\/7762\/revisions"}],"predecessor-version":[{"id":7765,"href":"https:\/\/www.obispadorqta.org.ar\/v3\/wp-json\/wp\/v2\/posts\/7762\/revisions\/7765"}],"wp:featuredmedia":[{"embeddable":true,"href":"https:\/\/www.obispadorqta.org.ar\/v3\/wp-json\/wp\/v2\/media\/7763"}],"wp:attachment":[{"href":"https:\/\/www.obispadorqta.org.ar\/v3\/wp-json\/wp\/v2\/media?parent=7762"}],"wp:term":[{"taxonomy":"category","embeddable":true,"href":"https:\/\/www.obispadorqta.org.ar\/v3\/wp-json\/wp\/v2\/categories?post=7762"},{"taxonomy":"post_tag","embeddable":true,"href":"https:\/\/www.obispadorqta.org.ar\/v3\/wp-json\/wp\/v2\/tags?post=7762"}],"curies":[{"name":"wp","href":"https:\/\/api.w.org\/{rel}","templated":true}]}}