{"id":7785,"date":"2022-07-19T08:45:42","date_gmt":"2022-07-19T11:45:42","guid":{"rendered":"http:\/\/www.obispadorqta.org.ar\/v3\/?p=7785"},"modified":"2022-07-29T08:08:13","modified_gmt":"2022-07-29T11:08:13","slug":"jornada-de-pastoral-social","status":"publish","type":"post","link":"https:\/\/www.obispadorqta.org.ar\/v3\/jornada-de-pastoral-social\/","title":{"rendered":"Jornada de Pastoral Social"},"content":{"rendered":"<p style=\"text-align: center;\"><em><strong>\u00abSO\u00d1AR LA IGLESIA QUE QUEREMOS\u00bb<\/strong><\/em><\/p>\n<p style=\"text-align: justify;\"><span style=\"color: #000000;\">Con entusiasmo el Equipo Diocesano de la Pastoral Social, en este tiempo de <\/span><span style=\"color: #000000;\">sinodalidad de la Iglesia, invita a usted\/es a las Jornadas de Pastoral Social que se realizar\u00e1n en este segundo semestre del a\u00f1o. La primera tendr\u00e1 lugar el <strong>s\u00e1bado 30 de julio de 2022 en la Sede Diocesana de Pastoral, de 9 a 11,30hs<\/strong>. La otra en una fecha a consensuar.<\/span><\/p>\n<p style=\"text-align: justify;\"><span style=\"color: #000000;\">Deseamos compartir y traer a la memoria que tiempo atr\u00e1s, esta pastoral diocesana, inici\u00f3 un proceso de animaci\u00f3n, de coordinaci\u00f3n, de difusi\u00f3n, de asistencia social en los \u00e1mbitos eclesiales de la di\u00f3cesis, y a la vez con otros actores y organizaciones de la sociedad cuya agenda ayud\u00f3 a plantear y tratar tem\u00e1ticas referidas a la defensa de la dignidad de personas, comunidades y pueblos (abordaje de la problem\u00e1tica de las Adicciones en las personas, la tem\u00e1tica de prevenci\u00f3n de Suicidios, Encuentros de Di\u00e1logo <\/span><span style=\"color: #000000;\">por la Paz Social, Participaci\u00f3n de la Mesa de Emergencia en el marco de la Pandemia: articulaci\u00f3n con organismos del estado y entes p\u00fablicos considerados como esenciales, acompa\u00f1amiento y sostenimiento a las personas privadas de libertad; servicio a los familiares, contenci\u00f3n con otros movimientos de iglesia e instituciones a aquellas reparticiones p\u00fablicas que trabajaron en primera l\u00ednea en contexto de pandemia).<\/span><\/p>\n<p><img loading=\"lazy\" decoding=\"async\" class=\"aligncenter  wp-image-7791\" src=\"https:\/\/www.obispadorqta.org.ar\/v3\/wp-content\/uploads\/2022\/07\/IMG-20220718-WA0009.jpg\" alt=\"\" width=\"321\" height=\"491\" srcset=\"https:\/\/www.obispadorqta.org.ar\/v3\/wp-content\/uploads\/2022\/07\/IMG-20220718-WA0009.jpg 400w, https:\/\/www.obispadorqta.org.ar\/v3\/wp-content\/uploads\/2022\/07\/IMG-20220718-WA0009-196x300.jpg 196w\" sizes=\"auto, (max-width: 321px) 100vw, 321px\" \/><\/p>\n<p style=\"text-align: justify;\"><span style=\"color: #000000;\">En esta oportunidad y en nuestra condici\u00f3n de ser \u201cPueblo de Dios Peregrino\u201d (Gn. 12,1-3), necesitamos comprender y reconocer la realidad de la pastoral social en el camino de la Iglesia, poniendo en pr\u00e1ctica la escucha y planteando los desaf\u00edos junto a otras voces y actores sociales comprometidos.<\/span><\/p>\n<p style=\"text-align: justify;\"><span style=\"color: #000000;\">Este ciclo que proponemos consiste en dos encuentros, cuyo objetivo es \u201cgenerar espacios de discernimiento, reflexi\u00f3n y aportes para que en un futuro pr\u00f3ximo se conforme en la di\u00f3cesis de Reconquista una Pastoral Social renovada: m\u00e1s abarcativa e integradora, m\u00e1s participativa y propositiva\u201d.<\/span><\/p>\n<p style=\"text-align: justify;\"><span style=\"color: #000000;\">Por ello, en \u00e9sta primera jornada la modalidad planteada es con expositores: <\/span><\/p>\n<p style=\"text-align: justify;\"><strong><span style=\"color: #000000;\">1er momento: A cargo de Pbro. Lic. Rolando Gonz\u00e1lez.<\/span><\/strong><br \/>\n<span style=\"color: #000000;\">\u2022 La Pastoral Social en el camino de la Iglesia: Implicancias de la cuesti\u00f3n social en la historia y en nuestra condici\u00f3n de ser \u201cPueblo de Dios Peregrino\u201d (Gn. 12,1-3).<\/span><\/p>\n<p><span style=\"color: #000000;\"><strong>2do momento: A cargo de Dr. \u00c1ngel Jos\u00e9 Mac\u00edn, Obispo de la Di\u00f3cesis de <\/strong><\/span><span style=\"color: #000000;\"><strong>Reconquista.<\/strong><\/span><br \/>\n<span style=\"color: #000000;\">\u2022 La Ense\u00f1anza Social de Francisco: Su Magisterio Papal: \u201cSue\u00f1o con una Iglesia capaz de transformarlo todo\u201d (E.G.27).<\/span><\/p>\n<p style=\"text-align: justify;\"><span style=\"color: #000000;\">Con la certeza de que todos respondemos al llamado de Dios, los esperamos con alegr\u00eda para resignificar a la persona como \u201cser social\u201d y \u201csaber que no estamos amontonados sin remedio sino unidos por una m\u00edstica, un esp\u00edritu, unos valores que valen la pena y nos ponen en marcha\u201d (E.G.220).<\/span><\/p>\n<p style=\"text-align: right;\"><span style=\"color: #000000;\"><em>Equipo Diocesano de Pastoral Social<\/em><\/span><\/p>\n","protected":false},"excerpt":{"rendered":"<div class=\"mh-excerpt\"><p>\u00abSO\u00d1AR LA IGLESIA QUE QUEREMOS\u00bb Con entusiasmo el Equipo Diocesano de la Pastoral Social, en este tiempo de sinodalidad de la Iglesia, invita a usted\/es <a class=\"mh-excerpt-more\" href=\"https:\/\/www.obispadorqta.org.ar\/v3\/jornada-de-pastoral-social\/\" title=\"Jornada de Pastoral Social\">[&#8230;]<\/a><\/p>\n<\/div>","protected":false},"author":3,"featured_media":7801,"comment_status":"closed","ping_status":"open","sticky":false,"template":"","format":"standard","meta":{"footnotes":""},"categories":[6,28],"tags":[],"class_list":["post-7785","post","type-post","status-publish","format-standard","has-post-thumbnail","hentry","category-news","category-latest-news"],"_links":{"self":[{"href":"https:\/\/www.obispadorqta.org.ar\/v3\/wp-json\/wp\/v2\/posts\/7785","targetHints":{"allow":["GET"]}}],"collection":[{"href":"https:\/\/www.obispadorqta.org.ar\/v3\/wp-json\/wp\/v2\/posts"}],"about":[{"href":"https:\/\/www.obispadorqta.org.ar\/v3\/wp-json\/wp\/v2\/types\/post"}],"author":[{"embeddable":true,"href":"https:\/\/www.obispadorqta.org.ar\/v3\/wp-json\/wp\/v2\/users\/3"}],"replies":[{"embeddable":true,"href":"https:\/\/www.obispadorqta.org.ar\/v3\/wp-json\/wp\/v2\/comments?post=7785"}],"version-history":[{"count":6,"href":"https:\/\/www.obispadorqta.org.ar\/v3\/wp-json\/wp\/v2\/posts\/7785\/revisions"}],"predecessor-version":[{"id":7832,"href":"https:\/\/www.obispadorqta.org.ar\/v3\/wp-json\/wp\/v2\/posts\/7785\/revisions\/7832"}],"wp:featuredmedia":[{"embeddable":true,"href":"https:\/\/www.obispadorqta.org.ar\/v3\/wp-json\/wp\/v2\/media\/7801"}],"wp:attachment":[{"href":"https:\/\/www.obispadorqta.org.ar\/v3\/wp-json\/wp\/v2\/media?parent=7785"}],"wp:term":[{"taxonomy":"category","embeddable":true,"href":"https:\/\/www.obispadorqta.org.ar\/v3\/wp-json\/wp\/v2\/categories?post=7785"},{"taxonomy":"post_tag","embeddable":true,"href":"https:\/\/www.obispadorqta.org.ar\/v3\/wp-json\/wp\/v2\/tags?post=7785"}],"curies":[{"name":"wp","href":"https:\/\/api.w.org\/{rel}","templated":true}]}}