{"id":7804,"date":"2022-07-25T10:17:55","date_gmt":"2022-07-25T13:17:55","guid":{"rendered":"http:\/\/www.obispadorqta.org.ar\/v3\/?p=7804"},"modified":"2022-07-25T10:57:42","modified_gmt":"2022-07-25T13:57:42","slug":"curso-abierto-introduccion-al-concilio-vaticano-ii","status":"publish","type":"post","link":"https:\/\/www.obispadorqta.org.ar\/v3\/curso-abierto-introduccion-al-concilio-vaticano-ii\/","title":{"rendered":"Curso Abierto Introducci\u00f3n al Concilio Vaticano II"},"content":{"rendered":"<p style=\"text-align: justify;\"><span style=\"color: #000000;\">El Instituto de Teolog\u00eda y Pastoral Juan Pablo II de la Di\u00f3cesis de Reconquista, invita al <strong>Curso Abierto Introducci\u00f3n Fundamental al Concilio Vaticano II: Antecedentes, Acontecimientos y Constituciones.<\/strong><\/span><\/p>\n<p style=\"text-align: justify;\"><span style=\"color: #000000;\">El mismo ser\u00e1 dictado por el Pbro. Dr. Rub\u00e9n Abel Taibo en la Parroquia \u201cNuestra Se\u00f1ora de la Merced\u201d de Avellaneda.<\/span><\/p>\n<p style=\"text-align: justify;\"><span style=\"color: #000000;\"><em><strong>Para m\u00e1s informaci\u00f3n comunicarse al tel.: 03482 &#8211; 15647971<\/strong><\/em><\/span><\/p>\n","protected":false},"excerpt":{"rendered":"<div class=\"mh-excerpt\"><p>El Instituto de Teolog\u00eda y Pastoral Juan Pablo II de la Di\u00f3cesis de Reconquista, invita al Curso Abierto Introducci\u00f3n Fundamental al Concilio Vaticano II: Antecedentes, <a class=\"mh-excerpt-more\" href=\"https:\/\/www.obispadorqta.org.ar\/v3\/curso-abierto-introduccion-al-concilio-vaticano-ii\/\" title=\"Curso Abierto Introducci\u00f3n al Concilio Vaticano II\">[&#8230;]<\/a><\/p>\n<\/div>","protected":false},"author":3,"featured_media":7817,"comment_status":"closed","ping_status":"open","sticky":false,"template":"","format":"standard","meta":{"footnotes":""},"categories":[6,28],"tags":[],"class_list":["post-7804","post","type-post","status-publish","format-standard","has-post-thumbnail","hentry","category-news","category-latest-news"],"_links":{"self":[{"href":"https:\/\/www.obispadorqta.org.ar\/v3\/wp-json\/wp\/v2\/posts\/7804","targetHints":{"allow":["GET"]}}],"collection":[{"href":"https:\/\/www.obispadorqta.org.ar\/v3\/wp-json\/wp\/v2\/posts"}],"about":[{"href":"https:\/\/www.obispadorqta.org.ar\/v3\/wp-json\/wp\/v2\/types\/post"}],"author":[{"embeddable":true,"href":"https:\/\/www.obispadorqta.org.ar\/v3\/wp-json\/wp\/v2\/users\/3"}],"replies":[{"embeddable":true,"href":"https:\/\/www.obispadorqta.org.ar\/v3\/wp-json\/wp\/v2\/comments?post=7804"}],"version-history":[{"count":5,"href":"https:\/\/www.obispadorqta.org.ar\/v3\/wp-json\/wp\/v2\/posts\/7804\/revisions"}],"predecessor-version":[{"id":7815,"href":"https:\/\/www.obispadorqta.org.ar\/v3\/wp-json\/wp\/v2\/posts\/7804\/revisions\/7815"}],"wp:featuredmedia":[{"embeddable":true,"href":"https:\/\/www.obispadorqta.org.ar\/v3\/wp-json\/wp\/v2\/media\/7817"}],"wp:attachment":[{"href":"https:\/\/www.obispadorqta.org.ar\/v3\/wp-json\/wp\/v2\/media?parent=7804"}],"wp:term":[{"taxonomy":"category","embeddable":true,"href":"https:\/\/www.obispadorqta.org.ar\/v3\/wp-json\/wp\/v2\/categories?post=7804"},{"taxonomy":"post_tag","embeddable":true,"href":"https:\/\/www.obispadorqta.org.ar\/v3\/wp-json\/wp\/v2\/tags?post=7804"}],"curies":[{"name":"wp","href":"https:\/\/api.w.org\/{rel}","templated":true}]}}