{"id":7829,"date":"2022-07-29T07:30:00","date_gmt":"2022-07-29T10:30:00","guid":{"rendered":"http:\/\/www.obispadorqta.org.ar\/v3\/?p=7829"},"modified":"2022-07-29T11:41:16","modified_gmt":"2022-07-29T14:41:16","slug":"nombramientos-2","status":"publish","type":"post","link":"https:\/\/www.obispadorqta.org.ar\/v3\/nombramientos-2\/","title":{"rendered":"Nombramientos"},"content":{"rendered":"<p style=\"text-align: justify;\">Considerando la necesidad de acompa\u00f1ar transitoriamente a algunas parroquias, hasta discernir una redistribuci\u00f3n m\u00e1s equilibrada de la atenci\u00f3n sacerdotal en la Di\u00f3cesis, el obispo diocesano, Mons. \u00c1ngel Jos\u00e9 Mac\u00edn, ha decidido algunos nombramientos, a saber:<\/p>\n<p style=\"text-align: justify;\">\n<ul style=\"text-align: justify;\">\n<li>Delegado Episcopal para la atenci\u00f3n de la Pquia. Ntra. Sra. de Guadalupe, de Intiyaco: <strong>Pbro. <\/strong><strong>Omar Abel Faccioli<\/strong>.<\/li>\n<li>Delegado Episcopal para la atenci\u00f3n de la Pquia. Sagrado Coraz\u00f3n de Jes\u00fas de Villa Ana: <strong>Pbro.<\/strong><strong> Giancarlo Maistrello<\/strong>, quien tambi\u00e9n prestar\u00e1 una colaboraci\u00f3n a la parroquia Inmaculada Concepci\u00f3n de Villa Ocampo.<\/li>\n<li>Delegados Episcopales para la atenci\u00f3n de la Parroquia San Roque de Margarita: <strong>Pbro. <\/strong><strong>Jorge Juli\u00e1n Gallard<\/strong> y <strong>Pbro. Javier Ubaldo Pividori<\/strong>, quienes actuar\u00e1n solidariamente en esta funci\u00f3n.<\/li>\n<\/ul>\n<p style=\"text-align: justify;\">Confiamos a la intercesi\u00f3n de San Jos\u00e9, Patrono de la Di\u00f3cesis, el camino de discernimiento sobre el tema en los pr\u00f3ximos tiempos.<\/p>\n<p style=\"text-align: right;\">Sede Episcopal de Reconquista, 29 de julio de 2022.<\/p>\n","protected":false},"excerpt":{"rendered":"<div class=\"mh-excerpt\"><p>Considerando la necesidad de acompa\u00f1ar transitoriamente a algunas parroquias, hasta discernir una redistribuci\u00f3n m\u00e1s equilibrada de la atenci\u00f3n sacerdotal en la Di\u00f3cesis, el obispo diocesano, <a class=\"mh-excerpt-more\" href=\"https:\/\/www.obispadorqta.org.ar\/v3\/nombramientos-2\/\" title=\"Nombramientos\">[&#8230;]<\/a><\/p>\n<\/div>","protected":false},"author":2,"featured_media":5096,"comment_status":"closed","ping_status":"open","sticky":false,"template":"","format":"standard","meta":{"footnotes":""},"categories":[6,28],"tags":[],"class_list":["post-7829","post","type-post","status-publish","format-standard","has-post-thumbnail","hentry","category-news","category-latest-news"],"_links":{"self":[{"href":"https:\/\/www.obispadorqta.org.ar\/v3\/wp-json\/wp\/v2\/posts\/7829","targetHints":{"allow":["GET"]}}],"collection":[{"href":"https:\/\/www.obispadorqta.org.ar\/v3\/wp-json\/wp\/v2\/posts"}],"about":[{"href":"https:\/\/www.obispadorqta.org.ar\/v3\/wp-json\/wp\/v2\/types\/post"}],"author":[{"embeddable":true,"href":"https:\/\/www.obispadorqta.org.ar\/v3\/wp-json\/wp\/v2\/users\/2"}],"replies":[{"embeddable":true,"href":"https:\/\/www.obispadorqta.org.ar\/v3\/wp-json\/wp\/v2\/comments?post=7829"}],"version-history":[{"count":3,"href":"https:\/\/www.obispadorqta.org.ar\/v3\/wp-json\/wp\/v2\/posts\/7829\/revisions"}],"predecessor-version":[{"id":7834,"href":"https:\/\/www.obispadorqta.org.ar\/v3\/wp-json\/wp\/v2\/posts\/7829\/revisions\/7834"}],"wp:featuredmedia":[{"embeddable":true,"href":"https:\/\/www.obispadorqta.org.ar\/v3\/wp-json\/wp\/v2\/media\/5096"}],"wp:attachment":[{"href":"https:\/\/www.obispadorqta.org.ar\/v3\/wp-json\/wp\/v2\/media?parent=7829"}],"wp:term":[{"taxonomy":"category","embeddable":true,"href":"https:\/\/www.obispadorqta.org.ar\/v3\/wp-json\/wp\/v2\/categories?post=7829"},{"taxonomy":"post_tag","embeddable":true,"href":"https:\/\/www.obispadorqta.org.ar\/v3\/wp-json\/wp\/v2\/tags?post=7829"}],"curies":[{"name":"wp","href":"https:\/\/api.w.org\/{rel}","templated":true}]}}