{"id":7835,"date":"2022-08-01T08:18:26","date_gmt":"2022-08-01T11:18:26","guid":{"rendered":"http:\/\/www.obispadorqta.org.ar\/v3\/?p=7835"},"modified":"2022-08-01T08:19:07","modified_gmt":"2022-08-01T11:19:07","slug":"reunion-de-presbiterio-5","status":"publish","type":"post","link":"https:\/\/www.obispadorqta.org.ar\/v3\/reunion-de-presbiterio-5\/","title":{"rendered":"REUNI\u00d3N DE PRESBITERIO"},"content":{"rendered":"<p style=\"text-align: justify;\"><span style=\"color: #000000;\">Los d\u00edas 1 y 2 de Agosto se realiza un nuevo encuentro del presbiterio de la Di\u00f3cesis de Reconquista. Los sacerdotes estar\u00e1n reunidos con el obispo en \u00abEl Jacarand\u00e1\u00bb, para compartir la vida y conversar sobre algunos temas pastorales.<\/span><\/p>\n<p style=\"text-align: justify;\"><span style=\"color: #000000;\">Invitamos a acompa\u00f1arlos con nuestra oraci\u00f3n.<\/span><\/p>\n","protected":false},"excerpt":{"rendered":"<div class=\"mh-excerpt\"><p>Los d\u00edas 1 y 2 de Agosto se realiza un nuevo encuentro del presbiterio de la Di\u00f3cesis de Reconquista. Los sacerdotes estar\u00e1n reunidos con el <a class=\"mh-excerpt-more\" href=\"https:\/\/www.obispadorqta.org.ar\/v3\/reunion-de-presbiterio-5\/\" title=\"REUNI\u00d3N DE PRESBITERIO\">[&#8230;]<\/a><\/p>\n<\/div>","protected":false},"author":3,"featured_media":7836,"comment_status":"closed","ping_status":"open","sticky":false,"template":"","format":"standard","meta":{"footnotes":""},"categories":[6,28],"tags":[],"class_list":["post-7835","post","type-post","status-publish","format-standard","has-post-thumbnail","hentry","category-news","category-latest-news"],"_links":{"self":[{"href":"https:\/\/www.obispadorqta.org.ar\/v3\/wp-json\/wp\/v2\/posts\/7835","targetHints":{"allow":["GET"]}}],"collection":[{"href":"https:\/\/www.obispadorqta.org.ar\/v3\/wp-json\/wp\/v2\/posts"}],"about":[{"href":"https:\/\/www.obispadorqta.org.ar\/v3\/wp-json\/wp\/v2\/types\/post"}],"author":[{"embeddable":true,"href":"https:\/\/www.obispadorqta.org.ar\/v3\/wp-json\/wp\/v2\/users\/3"}],"replies":[{"embeddable":true,"href":"https:\/\/www.obispadorqta.org.ar\/v3\/wp-json\/wp\/v2\/comments?post=7835"}],"version-history":[{"count":1,"href":"https:\/\/www.obispadorqta.org.ar\/v3\/wp-json\/wp\/v2\/posts\/7835\/revisions"}],"predecessor-version":[{"id":7837,"href":"https:\/\/www.obispadorqta.org.ar\/v3\/wp-json\/wp\/v2\/posts\/7835\/revisions\/7837"}],"wp:featuredmedia":[{"embeddable":true,"href":"https:\/\/www.obispadorqta.org.ar\/v3\/wp-json\/wp\/v2\/media\/7836"}],"wp:attachment":[{"href":"https:\/\/www.obispadorqta.org.ar\/v3\/wp-json\/wp\/v2\/media?parent=7835"}],"wp:term":[{"taxonomy":"category","embeddable":true,"href":"https:\/\/www.obispadorqta.org.ar\/v3\/wp-json\/wp\/v2\/categories?post=7835"},{"taxonomy":"post_tag","embeddable":true,"href":"https:\/\/www.obispadorqta.org.ar\/v3\/wp-json\/wp\/v2\/tags?post=7835"}],"curies":[{"name":"wp","href":"https:\/\/api.w.org\/{rel}","templated":true}]}}