{"id":7841,"date":"2022-08-05T11:41:19","date_gmt":"2022-08-05T14:41:19","guid":{"rendered":"http:\/\/www.obispadorqta.org.ar\/v3\/?p=7841"},"modified":"2022-08-05T11:42:02","modified_gmt":"2022-08-05T14:42:02","slug":"misa-en-la-sociedad-rural","status":"publish","type":"post","link":"https:\/\/www.obispadorqta.org.ar\/v3\/misa-en-la-sociedad-rural\/","title":{"rendered":"Misa en la Sociedad Rural"},"content":{"rendered":"<p style=\"text-align: justify;\"><span style=\"color: #000000;\">En el marco de la 86\u00b0 Exposici\u00f3n Nacional de Ganader\u00eda, Agricultura, Granja, Industria, Comercio y Servicios, este domingo 07 de agosto, a las 10 hs. se celebrar\u00e1 la tradicional Misa Ruralista en el predio de la Sociedad Rural de Reconquista, presidida por el Pbro. Tom\u00e1s Spanghero, acompa\u00f1ado por el Movimiento Rural Diocesano.<\/span><\/p>\n<p style=\"text-align: justify;\"><span style=\"color: #000000;\">En esta ocasi\u00f3n, se rezara por el campo y su gente, por el fruto de su trabajo, para que Dios siga acompa\u00f1ando la noble labor que diariamente emprenden. As\u00ed mismo, ofrecer tanto a los fieles presentes, cuanto al p\u00fablico general, expositores, etc., la posibilidad de participar de la Santa Misa dominical.<\/span><\/p>\n","protected":false},"excerpt":{"rendered":"<div class=\"mh-excerpt\"><p>En el marco de la 86\u00b0 Exposici\u00f3n Nacional de Ganader\u00eda, Agricultura, Granja, Industria, Comercio y Servicios, este domingo 07 de agosto, a las 10 hs. <a class=\"mh-excerpt-more\" href=\"https:\/\/www.obispadorqta.org.ar\/v3\/misa-en-la-sociedad-rural\/\" title=\"Misa en la Sociedad Rural\">[&#8230;]<\/a><\/p>\n<\/div>","protected":false},"author":3,"featured_media":7844,"comment_status":"closed","ping_status":"open","sticky":false,"template":"","format":"standard","meta":{"footnotes":""},"categories":[6,28],"tags":[],"class_list":["post-7841","post","type-post","status-publish","format-standard","has-post-thumbnail","hentry","category-news","category-latest-news"],"_links":{"self":[{"href":"https:\/\/www.obispadorqta.org.ar\/v3\/wp-json\/wp\/v2\/posts\/7841","targetHints":{"allow":["GET"]}}],"collection":[{"href":"https:\/\/www.obispadorqta.org.ar\/v3\/wp-json\/wp\/v2\/posts"}],"about":[{"href":"https:\/\/www.obispadorqta.org.ar\/v3\/wp-json\/wp\/v2\/types\/post"}],"author":[{"embeddable":true,"href":"https:\/\/www.obispadorqta.org.ar\/v3\/wp-json\/wp\/v2\/users\/3"}],"replies":[{"embeddable":true,"href":"https:\/\/www.obispadorqta.org.ar\/v3\/wp-json\/wp\/v2\/comments?post=7841"}],"version-history":[{"count":2,"href":"https:\/\/www.obispadorqta.org.ar\/v3\/wp-json\/wp\/v2\/posts\/7841\/revisions"}],"predecessor-version":[{"id":7845,"href":"https:\/\/www.obispadorqta.org.ar\/v3\/wp-json\/wp\/v2\/posts\/7841\/revisions\/7845"}],"wp:featuredmedia":[{"embeddable":true,"href":"https:\/\/www.obispadorqta.org.ar\/v3\/wp-json\/wp\/v2\/media\/7844"}],"wp:attachment":[{"href":"https:\/\/www.obispadorqta.org.ar\/v3\/wp-json\/wp\/v2\/media?parent=7841"}],"wp:term":[{"taxonomy":"category","embeddable":true,"href":"https:\/\/www.obispadorqta.org.ar\/v3\/wp-json\/wp\/v2\/categories?post=7841"},{"taxonomy":"post_tag","embeddable":true,"href":"https:\/\/www.obispadorqta.org.ar\/v3\/wp-json\/wp\/v2\/tags?post=7841"}],"curies":[{"name":"wp","href":"https:\/\/api.w.org\/{rel}","templated":true}]}}