{"id":7846,"date":"2022-08-10T08:51:46","date_gmt":"2022-08-10T11:51:46","guid":{"rendered":"http:\/\/www.obispadorqta.org.ar\/v3\/?p=7846"},"modified":"2022-08-10T08:52:15","modified_gmt":"2022-08-10T11:52:15","slug":"dia-del-diacono-2","status":"publish","type":"post","link":"https:\/\/www.obispadorqta.org.ar\/v3\/dia-del-diacono-2\/","title":{"rendered":"D\u00cdA DEL DI\u00c1CONO"},"content":{"rendered":"<p style=\"text-align: justify;\"><span style=\"color: #000000;\">Con motivo de la memoria de San Lorenzo, Di\u00e1cono y M\u00e1rtir, celebramos hoy el D\u00eda del Di\u00e1cono.<\/span><\/p>\n<p style=\"text-align: justify;\"><span style=\"color: #000000;\">Adem\u00e1s de saludar a todos los di\u00e1conos y agradecer su servicio, comunicamos que a las 19 hs., en el Santuario Mariano Diocesano, Mons. \u00c1ngel Jos\u00e9 Mac\u00edn, obispo de Reconquista, presidir\u00e1 la Eucarist\u00eda, en la cual los di\u00e1conos renovar\u00e1n su compromiso de servir al Se\u00f1or, a la Iglesia y a los m\u00e1s pobres.<\/span><\/p>\n","protected":false},"excerpt":{"rendered":"<div class=\"mh-excerpt\"><p>Con motivo de la memoria de San Lorenzo, Di\u00e1cono y M\u00e1rtir, celebramos hoy el D\u00eda del Di\u00e1cono. Adem\u00e1s de saludar a todos los di\u00e1conos y <a class=\"mh-excerpt-more\" href=\"https:\/\/www.obispadorqta.org.ar\/v3\/dia-del-diacono-2\/\" title=\"D\u00cdA DEL DI\u00c1CONO\">[&#8230;]<\/a><\/p>\n<\/div>","protected":false},"author":3,"featured_media":7851,"comment_status":"closed","ping_status":"open","sticky":false,"template":"","format":"standard","meta":{"footnotes":""},"categories":[6,28],"tags":[],"class_list":["post-7846","post","type-post","status-publish","format-standard","has-post-thumbnail","hentry","category-news","category-latest-news"],"_links":{"self":[{"href":"https:\/\/www.obispadorqta.org.ar\/v3\/wp-json\/wp\/v2\/posts\/7846","targetHints":{"allow":["GET"]}}],"collection":[{"href":"https:\/\/www.obispadorqta.org.ar\/v3\/wp-json\/wp\/v2\/posts"}],"about":[{"href":"https:\/\/www.obispadorqta.org.ar\/v3\/wp-json\/wp\/v2\/types\/post"}],"author":[{"embeddable":true,"href":"https:\/\/www.obispadorqta.org.ar\/v3\/wp-json\/wp\/v2\/users\/3"}],"replies":[{"embeddable":true,"href":"https:\/\/www.obispadorqta.org.ar\/v3\/wp-json\/wp\/v2\/comments?post=7846"}],"version-history":[{"count":1,"href":"https:\/\/www.obispadorqta.org.ar\/v3\/wp-json\/wp\/v2\/posts\/7846\/revisions"}],"predecessor-version":[{"id":7848,"href":"https:\/\/www.obispadorqta.org.ar\/v3\/wp-json\/wp\/v2\/posts\/7846\/revisions\/7848"}],"wp:featuredmedia":[{"embeddable":true,"href":"https:\/\/www.obispadorqta.org.ar\/v3\/wp-json\/wp\/v2\/media\/7851"}],"wp:attachment":[{"href":"https:\/\/www.obispadorqta.org.ar\/v3\/wp-json\/wp\/v2\/media?parent=7846"}],"wp:term":[{"taxonomy":"category","embeddable":true,"href":"https:\/\/www.obispadorqta.org.ar\/v3\/wp-json\/wp\/v2\/categories?post=7846"},{"taxonomy":"post_tag","embeddable":true,"href":"https:\/\/www.obispadorqta.org.ar\/v3\/wp-json\/wp\/v2\/tags?post=7846"}],"curies":[{"name":"wp","href":"https:\/\/api.w.org\/{rel}","templated":true}]}}