{"id":7853,"date":"2022-08-10T09:22:29","date_gmt":"2022-08-10T12:22:29","guid":{"rendered":"http:\/\/www.obispadorqta.org.ar\/v3\/?p=7853"},"modified":"2022-08-10T09:22:48","modified_gmt":"2022-08-10T12:22:48","slug":"aviso-parroquia-intiyaco","status":"publish","type":"post","link":"https:\/\/www.obispadorqta.org.ar\/v3\/aviso-parroquia-intiyaco\/","title":{"rendered":"Aviso Parroquia Intiyaco"},"content":{"rendered":"<p style=\"text-align: justify;\"><span style=\"color: #000000;\"><span style=\"color: #000000;\"><strong>Domingo 14 de agosto<\/strong><\/span><br \/>\n<span style=\"color: #000000;\">09.00 hs.: \u00danica Misa en la Sede Parroquial, presidida por Mons. \u00c1ngel Jos\u00e9 Mac\u00edn, quien presentara al Sacerdote que acompa\u00f1ara la parroquia durante el pr\u00f3ximo tiempo, Pbro. Omar Abel Faccioli.<\/span><\/span><\/p>\n<p style=\"text-align: justify;\">Tambi\u00e9n se har\u00e1 la instituci\u00f3n de los nuevos Ministros de la Eucarist\u00eda <span style=\"color: #000000;\">\u00a0 \u00a0 \u00a0<\/span><\/p>\n","protected":false},"excerpt":{"rendered":"<div class=\"mh-excerpt\"><p>Domingo 14 de agosto 09.00 hs.: \u00danica Misa en la Sede Parroquial, presidida por Mons. \u00c1ngel Jos\u00e9 Mac\u00edn, quien presentara al Sacerdote que acompa\u00f1ara la <a class=\"mh-excerpt-more\" href=\"https:\/\/www.obispadorqta.org.ar\/v3\/aviso-parroquia-intiyaco\/\" title=\"Aviso Parroquia Intiyaco\">[&#8230;]<\/a><\/p>\n<\/div>","protected":false},"author":3,"featured_media":7854,"comment_status":"closed","ping_status":"open","sticky":false,"template":"","format":"standard","meta":{"footnotes":""},"categories":[6,28],"tags":[],"class_list":["post-7853","post","type-post","status-publish","format-standard","has-post-thumbnail","hentry","category-news","category-latest-news"],"_links":{"self":[{"href":"https:\/\/www.obispadorqta.org.ar\/v3\/wp-json\/wp\/v2\/posts\/7853","targetHints":{"allow":["GET"]}}],"collection":[{"href":"https:\/\/www.obispadorqta.org.ar\/v3\/wp-json\/wp\/v2\/posts"}],"about":[{"href":"https:\/\/www.obispadorqta.org.ar\/v3\/wp-json\/wp\/v2\/types\/post"}],"author":[{"embeddable":true,"href":"https:\/\/www.obispadorqta.org.ar\/v3\/wp-json\/wp\/v2\/users\/3"}],"replies":[{"embeddable":true,"href":"https:\/\/www.obispadorqta.org.ar\/v3\/wp-json\/wp\/v2\/comments?post=7853"}],"version-history":[{"count":1,"href":"https:\/\/www.obispadorqta.org.ar\/v3\/wp-json\/wp\/v2\/posts\/7853\/revisions"}],"predecessor-version":[{"id":7855,"href":"https:\/\/www.obispadorqta.org.ar\/v3\/wp-json\/wp\/v2\/posts\/7853\/revisions\/7855"}],"wp:featuredmedia":[{"embeddable":true,"href":"https:\/\/www.obispadorqta.org.ar\/v3\/wp-json\/wp\/v2\/media\/7854"}],"wp:attachment":[{"href":"https:\/\/www.obispadorqta.org.ar\/v3\/wp-json\/wp\/v2\/media?parent=7853"}],"wp:term":[{"taxonomy":"category","embeddable":true,"href":"https:\/\/www.obispadorqta.org.ar\/v3\/wp-json\/wp\/v2\/categories?post=7853"},{"taxonomy":"post_tag","embeddable":true,"href":"https:\/\/www.obispadorqta.org.ar\/v3\/wp-json\/wp\/v2\/tags?post=7853"}],"curies":[{"name":"wp","href":"https:\/\/api.w.org\/{rel}","templated":true}]}}