{"id":7857,"date":"2022-08-18T11:31:36","date_gmt":"2022-08-18T14:31:36","guid":{"rendered":"http:\/\/www.obispadorqta.org.ar\/v3\/?p=7857"},"modified":"2022-08-19T09:03:18","modified_gmt":"2022-08-19T12:03:18","slug":"cursos-virtuales-para-secretarias-parroquiales","status":"publish","type":"post","link":"https:\/\/www.obispadorqta.org.ar\/v3\/cursos-virtuales-para-secretarias-parroquiales\/","title":{"rendered":"Curso Virtual para secretarias\/os parroquiales"},"content":{"rendered":"<p style=\"text-align: justify;\">La Facultad de Derecho Can\u00f3nico de la Universidad Cat\u00f3lica Argentina (UCA) y el Sociedad Argentina de Derecho Can\u00f3nico (Sadec) ofrecer\u00e1n un curso virtual de secretarias parroquiales, en dos partes no correlativas.<\/p>\n<p><img loading=\"lazy\" decoding=\"async\" class=\"aligncenter size-full wp-image-7868\" src=\"https:\/\/www.obispadorqta.org.ar\/v3\/wp-content\/uploads\/2022\/08\/Curso-secretarias-22-2.jpg\" alt=\"\" width=\"1100\" height=\"740\" srcset=\"https:\/\/www.obispadorqta.org.ar\/v3\/wp-content\/uploads\/2022\/08\/Curso-secretarias-22-2.jpg 1100w, https:\/\/www.obispadorqta.org.ar\/v3\/wp-content\/uploads\/2022\/08\/Curso-secretarias-22-2-300x202.jpg 300w, https:\/\/www.obispadorqta.org.ar\/v3\/wp-content\/uploads\/2022\/08\/Curso-secretarias-22-2-1024x689.jpg 1024w, https:\/\/www.obispadorqta.org.ar\/v3\/wp-content\/uploads\/2022\/08\/Curso-secretarias-22-2-768x517.jpg 768w\" sizes=\"auto, (max-width: 1100px) 100vw, 1100px\" \/><\/p>\n<p style=\"text-align: justify;\">La primera se dictar\u00e1 los mi\u00e9rcoles, desde el 7 al 28 de septiembre; y la segunda los viernes del 7 al 21 de octubre, siempre de 15 a 17.<\/p>\n<p style=\"text-align: justify;\">Los temas y coordinadores ser\u00e1n: <em>\u201cLa misi\u00f3n pastoral de la secretar\u00eda\u201d<\/em>, presb\u00edtero doctor Ariel Busso, con anotaciones digitales de los licenciados Tadeo Russo Soria y Federico Alfredsson; <em>\u201cSacramentos I: Bautismo y Confirmaci\u00f3n\u201d<\/em>, presb\u00edtero doctor Juan Cruz Villal\u00f3n; <em>\u201cSacramentos II: Matrimonio y Eucarist\u00eda. Archivo parroquial\u201d<\/em>, presb\u00edtero doctor Alejandro Russo, y <em>\u201cOrientaciones sobre motivos de nulidad matrimonial\u201d,<\/em> padre doctor Daniel Medina OAR.<\/p>\n<p style=\"text-align: justify;\">La segunda instancia tendr\u00e1 este cronograma: <em>\u201cProtocolo parroquial contra abuso de menores\u201d<\/em>, padre doctor Daniel Medina OAR; <em>\u201cEstructuras parroquiales para la administraci\u00f3n de los bienes temporales\u201d<\/em>, presb\u00edtero doctor Mauricio Landra, y <em>\u201cLos espacios sagrados en el \u00e1mbito parroquial\u201d<\/em>, presb\u00edtero doctor Alejandro Russo.<\/p>\n<p style=\"text-align: justify;\">Informes e inscripci\u00f3n por correo electr\u00f3nico: <a href=\"mailto:canonico@uca.edu.ar\" target=\"_blank\" rel=\"noopener noreferrer\">canonico@uca.edu.ar<\/a><\/p>\n<p style=\"text-align: justify;\">\n","protected":false},"excerpt":{"rendered":"<div class=\"mh-excerpt\"><p>La Facultad de Derecho Can\u00f3nico de la Universidad Cat\u00f3lica Argentina (UCA) y el Sociedad Argentina de Derecho Can\u00f3nico (Sadec) ofrecer\u00e1n un curso virtual de secretarias <a class=\"mh-excerpt-more\" href=\"https:\/\/www.obispadorqta.org.ar\/v3\/cursos-virtuales-para-secretarias-parroquiales\/\" title=\"Curso Virtual para secretarias\/os parroquiales\">[&#8230;]<\/a><\/p>\n<\/div>","protected":false},"author":3,"featured_media":7870,"comment_status":"closed","ping_status":"open","sticky":false,"template":"","format":"standard","meta":{"footnotes":""},"categories":[6,28],"tags":[],"class_list":["post-7857","post","type-post","status-publish","format-standard","has-post-thumbnail","hentry","category-news","category-latest-news"],"_links":{"self":[{"href":"https:\/\/www.obispadorqta.org.ar\/v3\/wp-json\/wp\/v2\/posts\/7857","targetHints":{"allow":["GET"]}}],"collection":[{"href":"https:\/\/www.obispadorqta.org.ar\/v3\/wp-json\/wp\/v2\/posts"}],"about":[{"href":"https:\/\/www.obispadorqta.org.ar\/v3\/wp-json\/wp\/v2\/types\/post"}],"author":[{"embeddable":true,"href":"https:\/\/www.obispadorqta.org.ar\/v3\/wp-json\/wp\/v2\/users\/3"}],"replies":[{"embeddable":true,"href":"https:\/\/www.obispadorqta.org.ar\/v3\/wp-json\/wp\/v2\/comments?post=7857"}],"version-history":[{"count":8,"href":"https:\/\/www.obispadorqta.org.ar\/v3\/wp-json\/wp\/v2\/posts\/7857\/revisions"}],"predecessor-version":[{"id":7873,"href":"https:\/\/www.obispadorqta.org.ar\/v3\/wp-json\/wp\/v2\/posts\/7857\/revisions\/7873"}],"wp:featuredmedia":[{"embeddable":true,"href":"https:\/\/www.obispadorqta.org.ar\/v3\/wp-json\/wp\/v2\/media\/7870"}],"wp:attachment":[{"href":"https:\/\/www.obispadorqta.org.ar\/v3\/wp-json\/wp\/v2\/media?parent=7857"}],"wp:term":[{"taxonomy":"category","embeddable":true,"href":"https:\/\/www.obispadorqta.org.ar\/v3\/wp-json\/wp\/v2\/categories?post=7857"},{"taxonomy":"post_tag","embeddable":true,"href":"https:\/\/www.obispadorqta.org.ar\/v3\/wp-json\/wp\/v2\/tags?post=7857"}],"curies":[{"name":"wp","href":"https:\/\/api.w.org\/{rel}","templated":true}]}}