{"id":7876,"date":"2022-08-19T10:21:44","date_gmt":"2022-08-19T13:21:44","guid":{"rendered":"http:\/\/www.obispadorqta.org.ar\/v3\/?p=7876"},"modified":"2022-08-19T10:34:32","modified_gmt":"2022-08-19T13:34:32","slug":"ejercicios-espirituales-ignacianos-8","status":"publish","type":"post","link":"https:\/\/www.obispadorqta.org.ar\/v3\/ejercicios-espirituales-ignacianos-8\/","title":{"rendered":"Ejercicios Espirituales Ignacianos"},"content":{"rendered":"<p style=\"text-align: justify;\"><span style=\"color: #000000;\">Desde el 19 hasta el 21 de agosto, se llevar\u00e1n a cabo, de manera presencial, los <strong>Ejercicios Espirituales Ignacianos<\/strong>, en en las instalaciones del CECABS (Paraje La Lola), y organizados por la Comunidad de Espiritualidad Ignaciana diocesana.<\/span><\/p>\n<p style=\"text-align: justify;\"><span style=\"color: #000000;\">El retiro ser\u00e1 ser\u00e1 predicado por por el P. Javier Rojas s.j. (de la ciudad de Santa Fe) y est\u00e1 orientado a hombres y mujeres que quieran discernir, rezar y descubrir, en el silencio de su interior, a Dios en sus vidas.<\/span><\/p>\n","protected":false},"excerpt":{"rendered":"<div class=\"mh-excerpt\"><p>Desde el 19 hasta el 21 de agosto, se llevar\u00e1n a cabo, de manera presencial, los Ejercicios Espirituales Ignacianos, en en las instalaciones del CECABS <a class=\"mh-excerpt-more\" href=\"https:\/\/www.obispadorqta.org.ar\/v3\/ejercicios-espirituales-ignacianos-8\/\" title=\"Ejercicios Espirituales Ignacianos\">[&#8230;]<\/a><\/p>\n<\/div>","protected":false},"author":3,"featured_media":7889,"comment_status":"closed","ping_status":"open","sticky":false,"template":"","format":"standard","meta":{"footnotes":""},"categories":[6,28],"tags":[],"class_list":["post-7876","post","type-post","status-publish","format-standard","has-post-thumbnail","hentry","category-news","category-latest-news"],"_links":{"self":[{"href":"https:\/\/www.obispadorqta.org.ar\/v3\/wp-json\/wp\/v2\/posts\/7876","targetHints":{"allow":["GET"]}}],"collection":[{"href":"https:\/\/www.obispadorqta.org.ar\/v3\/wp-json\/wp\/v2\/posts"}],"about":[{"href":"https:\/\/www.obispadorqta.org.ar\/v3\/wp-json\/wp\/v2\/types\/post"}],"author":[{"embeddable":true,"href":"https:\/\/www.obispadorqta.org.ar\/v3\/wp-json\/wp\/v2\/users\/3"}],"replies":[{"embeddable":true,"href":"https:\/\/www.obispadorqta.org.ar\/v3\/wp-json\/wp\/v2\/comments?post=7876"}],"version-history":[{"count":1,"href":"https:\/\/www.obispadorqta.org.ar\/v3\/wp-json\/wp\/v2\/posts\/7876\/revisions"}],"predecessor-version":[{"id":7878,"href":"https:\/\/www.obispadorqta.org.ar\/v3\/wp-json\/wp\/v2\/posts\/7876\/revisions\/7878"}],"wp:featuredmedia":[{"embeddable":true,"href":"https:\/\/www.obispadorqta.org.ar\/v3\/wp-json\/wp\/v2\/media\/7889"}],"wp:attachment":[{"href":"https:\/\/www.obispadorqta.org.ar\/v3\/wp-json\/wp\/v2\/media?parent=7876"}],"wp:term":[{"taxonomy":"category","embeddable":true,"href":"https:\/\/www.obispadorqta.org.ar\/v3\/wp-json\/wp\/v2\/categories?post=7876"},{"taxonomy":"post_tag","embeddable":true,"href":"https:\/\/www.obispadorqta.org.ar\/v3\/wp-json\/wp\/v2\/tags?post=7876"}],"curies":[{"name":"wp","href":"https:\/\/api.w.org\/{rel}","templated":true}]}}