{"id":7896,"date":"2022-08-22T20:37:02","date_gmt":"2022-08-22T23:37:02","guid":{"rendered":"http:\/\/www.obispadorqta.org.ar\/v3\/?p=7896"},"modified":"2022-08-22T20:37:18","modified_gmt":"2022-08-22T23:37:18","slug":"sinodo-de-la-sinodalidad-sintesis-de-argentina","status":"publish","type":"post","link":"https:\/\/www.obispadorqta.org.ar\/v3\/sinodo-de-la-sinodalidad-sintesis-de-argentina\/","title":{"rendered":"S\u00cdNODO DE LA SINODALIDAD  S\u00cdNTESIS DE ARGENTINA"},"content":{"rendered":"<p style=\"text-align: justify;\">Respondiendo al llamado del Papa Francisco, la Iglesia que peregrina en Argentina abri\u00f3, a fines del a\u00f1o pasado, el proceso sinodal que tiene como meta el s\u00ednodo sobre sinodalidad 2023.<\/p>\n<p style=\"text-align: justify;\">La primera etapa consisti\u00f3 en un camino de escucha donde todas las Iglesias del pa\u00eds se transformaron en cajas de resonancias para o\u00edr los clamores y sue\u00f1os de la gente. Este proceso concluy\u00f3 con la entrega a la Santa Sede del documento que ahora tenemos el gusto de presentar; el cual recoge las expresiones que el Pueblo de Dios en Argentina manifest\u00f3 en este recorrido.<\/p>\n<p style=\"text-align: justify;\">M\u00e1s del 95% de las comunidades cristianas del pa\u00eds, animadas por delegados y delegadas que asumieron con responsabilidad su tarea, se dieron la oportunidad de hablar y ser escuchados: desde los ocasionales transe\u00fantes hasta las personas m\u00e1s comprometidas en nuestras parroquias y comunidades.<\/p>\n<p style=\"text-align: justify;\">Finalmente, un grupo de hombres y mujeres de distintas partes del pa\u00eds y distintos estados de vida afrontaron el desaf\u00edo de sintetizar, en un \u00fanico documento, las b\u00fasquedas y anhelos de este pluriforme mosaico de identidades, culturas, y realidades que conforman la Iglesia en Argentina. Fruto de esta tarea, que agradecemos de coraz\u00f3n, son estas breves pero densas p\u00e1ginas que tenemos el gusto de presentar.<\/p>\n<p style=\"text-align: justify;\">Implorando a Dios que nos ayude a ser cada d\u00eda m\u00e1s una Iglesia servidora al estilo de Jes\u00fas, confiamos a Nuestra Madre de Luj\u00e1n los frutos de este trabajo.<\/p>\n<p style=\"text-align: right;\"><br \/><strong>+ Marcelo Colombo<\/strong><br \/><strong>Arzobispo de Mendoza<\/strong><\/p>\n<p style=\"text-align: right;\"><strong>+ Daniel Fern\u00e1ndez<\/strong><br \/><strong>Obispo de Jujuy<\/strong><\/p>\n<p style=\"text-align: right;\"><strong>+ \u00c1ngel Jos\u00e9 Mac\u00edn<\/strong><br \/><strong>Obispo de Reconquista<\/strong><\/p>\n\n<p>Para descargar el archivo en formato PDF:<\/p>\n<p><a href=\"https:\/\/www.obispadorqta.org.ar\/v3\/wp-content\/uploads\/2022\/08\/Argentina-Sintesis-final-sinodo.pdf\">HACER CLICK AQU\u00cd<\/a><\/p>\n\n\n<figure class=\"wp-block-image size-mh-magazine-lite-content is-style-default\"><img loading=\"lazy\" decoding=\"async\" width=\"678\" height=\"381\" src=\"https:\/\/www.obispadorqta.org.ar\/v3\/wp-content\/uploads\/2022\/08\/Argentina-Sintesis-final-sinodo_page-0001-678x381.jpg\" alt=\"\" class=\"wp-image-7897\"\/><\/figure>\n\n\n\n<figure class=\"wp-block-image size-large\"><img loading=\"lazy\" decoding=\"async\" width=\"725\" height=\"1024\" src=\"https:\/\/www.obispadorqta.org.ar\/v3\/wp-content\/uploads\/2022\/08\/Argentina-Sintesis-final-sinodo_page-0002-725x1024.jpg\" alt=\"\" class=\"wp-image-7898\" srcset=\"https:\/\/www.obispadorqta.org.ar\/v3\/wp-content\/uploads\/2022\/08\/Argentina-Sintesis-final-sinodo_page-0002-725x1024.jpg 725w, https:\/\/www.obispadorqta.org.ar\/v3\/wp-content\/uploads\/2022\/08\/Argentina-Sintesis-final-sinodo_page-0002-212x300.jpg 212w, https:\/\/www.obispadorqta.org.ar\/v3\/wp-content\/uploads\/2022\/08\/Argentina-Sintesis-final-sinodo_page-0002-768x1085.jpg 768w, https:\/\/www.obispadorqta.org.ar\/v3\/wp-content\/uploads\/2022\/08\/Argentina-Sintesis-final-sinodo_page-0002-1087x1536.jpg 1087w, https:\/\/www.obispadorqta.org.ar\/v3\/wp-content\/uploads\/2022\/08\/Argentina-Sintesis-final-sinodo_page-0002.jpg 1241w\" sizes=\"auto, (max-width: 725px) 100vw, 725px\" \/><\/figure>\n\n\n\n<figure class=\"wp-block-image size-large is-resized\"><img loading=\"lazy\" decoding=\"async\" src=\"https:\/\/www.obispadorqta.org.ar\/v3\/wp-content\/uploads\/2022\/08\/Argentina-Sintesis-final-sinodo_page-0003-725x1024.jpg\" alt=\"\" class=\"wp-image-7900\" width=\"652\" height=\"921\" srcset=\"https:\/\/www.obispadorqta.org.ar\/v3\/wp-content\/uploads\/2022\/08\/Argentina-Sintesis-final-sinodo_page-0003-725x1024.jpg 725w, https:\/\/www.obispadorqta.org.ar\/v3\/wp-content\/uploads\/2022\/08\/Argentina-Sintesis-final-sinodo_page-0003-212x300.jpg 212w, https:\/\/www.obispadorqta.org.ar\/v3\/wp-content\/uploads\/2022\/08\/Argentina-Sintesis-final-sinodo_page-0003-768x1085.jpg 768w, https:\/\/www.obispadorqta.org.ar\/v3\/wp-content\/uploads\/2022\/08\/Argentina-Sintesis-final-sinodo_page-0003-1087x1536.jpg 1087w, https:\/\/www.obispadorqta.org.ar\/v3\/wp-content\/uploads\/2022\/08\/Argentina-Sintesis-final-sinodo_page-0003.jpg 1241w\" sizes=\"auto, (max-width: 652px) 100vw, 652px\" \/><\/figure>\n\n\n\n<figure class=\"wp-block-image size-large is-resized\"><img loading=\"lazy\" decoding=\"async\" src=\"https:\/\/www.obispadorqta.org.ar\/v3\/wp-content\/uploads\/2022\/08\/Argentina-Sintesis-final-sinodo_page-0004-725x1024.jpg\" alt=\"\" class=\"wp-image-7902\" width=\"649\" height=\"917\" srcset=\"https:\/\/www.obispadorqta.org.ar\/v3\/wp-content\/uploads\/2022\/08\/Argentina-Sintesis-final-sinodo_page-0004-725x1024.jpg 725w, https:\/\/www.obispadorqta.org.ar\/v3\/wp-content\/uploads\/2022\/08\/Argentina-Sintesis-final-sinodo_page-0004-212x300.jpg 212w, https:\/\/www.obispadorqta.org.ar\/v3\/wp-content\/uploads\/2022\/08\/Argentina-Sintesis-final-sinodo_page-0004-768x1085.jpg 768w, https:\/\/www.obispadorqta.org.ar\/v3\/wp-content\/uploads\/2022\/08\/Argentina-Sintesis-final-sinodo_page-0004-1087x1536.jpg 1087w, https:\/\/www.obispadorqta.org.ar\/v3\/wp-content\/uploads\/2022\/08\/Argentina-Sintesis-final-sinodo_page-0004.jpg 1241w\" sizes=\"auto, (max-width: 649px) 100vw, 649px\" \/><\/figure>\n\n\n\n<figure class=\"wp-block-image size-large is-resized\"><img loading=\"lazy\" decoding=\"async\" src=\"https:\/\/www.obispadorqta.org.ar\/v3\/wp-content\/uploads\/2022\/08\/Argentina-Sintesis-final-sinodo_page-0005-725x1024.jpg\" alt=\"\" class=\"wp-image-7908\" width=\"655\" height=\"925\" srcset=\"https:\/\/www.obispadorqta.org.ar\/v3\/wp-content\/uploads\/2022\/08\/Argentina-Sintesis-final-sinodo_page-0005-725x1024.jpg 725w, https:\/\/www.obispadorqta.org.ar\/v3\/wp-content\/uploads\/2022\/08\/Argentina-Sintesis-final-sinodo_page-0005-212x300.jpg 212w, https:\/\/www.obispadorqta.org.ar\/v3\/wp-content\/uploads\/2022\/08\/Argentina-Sintesis-final-sinodo_page-0005-768x1085.jpg 768w, https:\/\/www.obispadorqta.org.ar\/v3\/wp-content\/uploads\/2022\/08\/Argentina-Sintesis-final-sinodo_page-0005-1087x1536.jpg 1087w, https:\/\/www.obispadorqta.org.ar\/v3\/wp-content\/uploads\/2022\/08\/Argentina-Sintesis-final-sinodo_page-0005.jpg 1241w\" sizes=\"auto, (max-width: 655px) 100vw, 655px\" \/><\/figure>\n\n\n\n<figure class=\"wp-block-image size-large is-resized\"><img loading=\"lazy\" decoding=\"async\" src=\"https:\/\/www.obispadorqta.org.ar\/v3\/wp-content\/uploads\/2022\/08\/Argentina-Sintesis-final-sinodo_page-0006-725x1024.jpg\" alt=\"\" class=\"wp-image-7909\" width=\"648\" height=\"915\" srcset=\"https:\/\/www.obispadorqta.org.ar\/v3\/wp-content\/uploads\/2022\/08\/Argentina-Sintesis-final-sinodo_page-0006-725x1024.jpg 725w, https:\/\/www.obispadorqta.org.ar\/v3\/wp-content\/uploads\/2022\/08\/Argentina-Sintesis-final-sinodo_page-0006-212x300.jpg 212w, https:\/\/www.obispadorqta.org.ar\/v3\/wp-content\/uploads\/2022\/08\/Argentina-Sintesis-final-sinodo_page-0006-768x1085.jpg 768w, https:\/\/www.obispadorqta.org.ar\/v3\/wp-content\/uploads\/2022\/08\/Argentina-Sintesis-final-sinodo_page-0006-1087x1536.jpg 1087w, https:\/\/www.obispadorqta.org.ar\/v3\/wp-content\/uploads\/2022\/08\/Argentina-Sintesis-final-sinodo_page-0006.jpg 1241w\" sizes=\"auto, (max-width: 648px) 100vw, 648px\" \/><\/figure>\n\n\n\n<figure class=\"wp-block-image size-large is-resized\"><img loading=\"lazy\" decoding=\"async\" src=\"https:\/\/www.obispadorqta.org.ar\/v3\/wp-content\/uploads\/2022\/08\/Argentina-Sintesis-final-sinodo_page-0007-725x1024.jpg\" alt=\"\" class=\"wp-image-7910\" width=\"650\" height=\"918\" srcset=\"https:\/\/www.obispadorqta.org.ar\/v3\/wp-content\/uploads\/2022\/08\/Argentina-Sintesis-final-sinodo_page-0007-725x1024.jpg 725w, https:\/\/www.obispadorqta.org.ar\/v3\/wp-content\/uploads\/2022\/08\/Argentina-Sintesis-final-sinodo_page-0007-212x300.jpg 212w, https:\/\/www.obispadorqta.org.ar\/v3\/wp-content\/uploads\/2022\/08\/Argentina-Sintesis-final-sinodo_page-0007-768x1085.jpg 768w, https:\/\/www.obispadorqta.org.ar\/v3\/wp-content\/uploads\/2022\/08\/Argentina-Sintesis-final-sinodo_page-0007-1087x1536.jpg 1087w, https:\/\/www.obispadorqta.org.ar\/v3\/wp-content\/uploads\/2022\/08\/Argentina-Sintesis-final-sinodo_page-0007.jpg 1241w\" sizes=\"auto, (max-width: 650px) 100vw, 650px\" \/><\/figure>\n\n\n\n<figure class=\"wp-block-image size-large is-resized\"><img loading=\"lazy\" decoding=\"async\" src=\"https:\/\/www.obispadorqta.org.ar\/v3\/wp-content\/uploads\/2022\/08\/Argentina-Sintesis-final-sinodo_page-0008-725x1024.jpg\" alt=\"\" class=\"wp-image-7903\" width=\"649\" height=\"916\" srcset=\"https:\/\/www.obispadorqta.org.ar\/v3\/wp-content\/uploads\/2022\/08\/Argentina-Sintesis-final-sinodo_page-0008-725x1024.jpg 725w, https:\/\/www.obispadorqta.org.ar\/v3\/wp-content\/uploads\/2022\/08\/Argentina-Sintesis-final-sinodo_page-0008-212x300.jpg 212w, https:\/\/www.obispadorqta.org.ar\/v3\/wp-content\/uploads\/2022\/08\/Argentina-Sintesis-final-sinodo_page-0008-768x1085.jpg 768w, https:\/\/www.obispadorqta.org.ar\/v3\/wp-content\/uploads\/2022\/08\/Argentina-Sintesis-final-sinodo_page-0008-1087x1536.jpg 1087w, https:\/\/www.obispadorqta.org.ar\/v3\/wp-content\/uploads\/2022\/08\/Argentina-Sintesis-final-sinodo_page-0008.jpg 1241w\" sizes=\"auto, (max-width: 649px) 100vw, 649px\" \/><\/figure>\n\n\n\n<figure class=\"wp-block-image size-large is-resized\"><img loading=\"lazy\" decoding=\"async\" src=\"https:\/\/www.obispadorqta.org.ar\/v3\/wp-content\/uploads\/2022\/08\/Argentina-Sintesis-final-sinodo_page-0009-725x1024.jpg\" alt=\"\" class=\"wp-image-7904\" width=\"645\" height=\"911\" srcset=\"https:\/\/www.obispadorqta.org.ar\/v3\/wp-content\/uploads\/2022\/08\/Argentina-Sintesis-final-sinodo_page-0009-725x1024.jpg 725w, https:\/\/www.obispadorqta.org.ar\/v3\/wp-content\/uploads\/2022\/08\/Argentina-Sintesis-final-sinodo_page-0009-212x300.jpg 212w, https:\/\/www.obispadorqta.org.ar\/v3\/wp-content\/uploads\/2022\/08\/Argentina-Sintesis-final-sinodo_page-0009-768x1085.jpg 768w, https:\/\/www.obispadorqta.org.ar\/v3\/wp-content\/uploads\/2022\/08\/Argentina-Sintesis-final-sinodo_page-0009-1087x1536.jpg 1087w, https:\/\/www.obispadorqta.org.ar\/v3\/wp-content\/uploads\/2022\/08\/Argentina-Sintesis-final-sinodo_page-0009.jpg 1241w\" sizes=\"auto, (max-width: 645px) 100vw, 645px\" \/><\/figure>\n\n\n\n<figure class=\"wp-block-image size-large is-resized\"><img loading=\"lazy\" decoding=\"async\" src=\"https:\/\/www.obispadorqta.org.ar\/v3\/wp-content\/uploads\/2022\/08\/Argentina-Sintesis-final-sinodo_page-0010-725x1024.jpg\" alt=\"\" class=\"wp-image-7905\" width=\"641\" height=\"905\" srcset=\"https:\/\/www.obispadorqta.org.ar\/v3\/wp-content\/uploads\/2022\/08\/Argentina-Sintesis-final-sinodo_page-0010-725x1024.jpg 725w, https:\/\/www.obispadorqta.org.ar\/v3\/wp-content\/uploads\/2022\/08\/Argentina-Sintesis-final-sinodo_page-0010-212x300.jpg 212w, https:\/\/www.obispadorqta.org.ar\/v3\/wp-content\/uploads\/2022\/08\/Argentina-Sintesis-final-sinodo_page-0010-768x1085.jpg 768w, https:\/\/www.obispadorqta.org.ar\/v3\/wp-content\/uploads\/2022\/08\/Argentina-Sintesis-final-sinodo_page-0010-1087x1536.jpg 1087w, https:\/\/www.obispadorqta.org.ar\/v3\/wp-content\/uploads\/2022\/08\/Argentina-Sintesis-final-sinodo_page-0010.jpg 1241w\" sizes=\"auto, (max-width: 641px) 100vw, 641px\" \/><\/figure>\n\n\n\n<figure class=\"wp-block-image size-large is-resized\"><img loading=\"lazy\" decoding=\"async\" src=\"https:\/\/www.obispadorqta.org.ar\/v3\/wp-content\/uploads\/2022\/08\/Argentina-Sintesis-final-sinodo_page-0011-725x1024.jpg\" alt=\"\" class=\"wp-image-7906\" width=\"643\" height=\"908\" srcset=\"https:\/\/www.obispadorqta.org.ar\/v3\/wp-content\/uploads\/2022\/08\/Argentina-Sintesis-final-sinodo_page-0011-725x1024.jpg 725w, https:\/\/www.obispadorqta.org.ar\/v3\/wp-content\/uploads\/2022\/08\/Argentina-Sintesis-final-sinodo_page-0011-212x300.jpg 212w, https:\/\/www.obispadorqta.org.ar\/v3\/wp-content\/uploads\/2022\/08\/Argentina-Sintesis-final-sinodo_page-0011-768x1085.jpg 768w, https:\/\/www.obispadorqta.org.ar\/v3\/wp-content\/uploads\/2022\/08\/Argentina-Sintesis-final-sinodo_page-0011-1087x1536.jpg 1087w, https:\/\/www.obispadorqta.org.ar\/v3\/wp-content\/uploads\/2022\/08\/Argentina-Sintesis-final-sinodo_page-0011.jpg 1241w\" sizes=\"auto, (max-width: 643px) 100vw, 643px\" \/><\/figure>\n","protected":false},"excerpt":{"rendered":"<div class=\"mh-excerpt\"><p>Respondiendo al llamado del Papa Francisco, la Iglesia que peregrina en Argentina abri\u00f3, a fines del a\u00f1o pasado, el proceso sinodal que tiene como meta <a class=\"mh-excerpt-more\" href=\"https:\/\/www.obispadorqta.org.ar\/v3\/sinodo-de-la-sinodalidad-sintesis-de-argentina\/\" title=\"S\u00cdNODO DE LA SINODALIDAD  S\u00cdNTESIS DE ARGENTINA\">[&#8230;]<\/a><\/p>\n<\/div>","protected":false},"author":2,"featured_media":4884,"comment_status":"closed","ping_status":"open","sticky":false,"template":"","format":"standard","meta":{"footnotes":""},"categories":[6,28],"tags":[],"class_list":["post-7896","post","type-post","status-publish","format-standard","has-post-thumbnail","hentry","category-news","category-latest-news"],"_links":{"self":[{"href":"https:\/\/www.obispadorqta.org.ar\/v3\/wp-json\/wp\/v2\/posts\/7896","targetHints":{"allow":["GET"]}}],"collection":[{"href":"https:\/\/www.obispadorqta.org.ar\/v3\/wp-json\/wp\/v2\/posts"}],"about":[{"href":"https:\/\/www.obispadorqta.org.ar\/v3\/wp-json\/wp\/v2\/types\/post"}],"author":[{"embeddable":true,"href":"https:\/\/www.obispadorqta.org.ar\/v3\/wp-json\/wp\/v2\/users\/2"}],"replies":[{"embeddable":true,"href":"https:\/\/www.obispadorqta.org.ar\/v3\/wp-json\/wp\/v2\/comments?post=7896"}],"version-history":[{"count":7,"href":"https:\/\/www.obispadorqta.org.ar\/v3\/wp-json\/wp\/v2\/posts\/7896\/revisions"}],"predecessor-version":[{"id":7917,"href":"https:\/\/www.obispadorqta.org.ar\/v3\/wp-json\/wp\/v2\/posts\/7896\/revisions\/7917"}],"wp:featuredmedia":[{"embeddable":true,"href":"https:\/\/www.obispadorqta.org.ar\/v3\/wp-json\/wp\/v2\/media\/4884"}],"wp:attachment":[{"href":"https:\/\/www.obispadorqta.org.ar\/v3\/wp-json\/wp\/v2\/media?parent=7896"}],"wp:term":[{"taxonomy":"category","embeddable":true,"href":"https:\/\/www.obispadorqta.org.ar\/v3\/wp-json\/wp\/v2\/categories?post=7896"},{"taxonomy":"post_tag","embeddable":true,"href":"https:\/\/www.obispadorqta.org.ar\/v3\/wp-json\/wp\/v2\/tags?post=7896"}],"curies":[{"name":"wp","href":"https:\/\/api.w.org\/{rel}","templated":true}]}}