{"id":7918,"date":"2022-08-23T10:25:37","date_gmt":"2022-08-23T13:25:37","guid":{"rendered":"http:\/\/www.obispadorqta.org.ar\/v3\/?p=7918"},"modified":"2022-08-23T10:41:45","modified_gmt":"2022-08-23T13:41:45","slug":"segunda-jornada-de-pastoral-social-sonar-la-iglesia-que-queremos","status":"publish","type":"post","link":"https:\/\/www.obispadorqta.org.ar\/v3\/segunda-jornada-de-pastoral-social-sonar-la-iglesia-que-queremos\/","title":{"rendered":"Segunda Jornada de Pastoral Social: \u00abSo\u00f1ar la Iglesia que queremos\u00bb"},"content":{"rendered":"<p style=\"text-align: justify;\"><span style=\"color: #000000;\">En el marco del camino sinodal de la Iglesia, el equipo diocesano de Pastoral Social de Reconquista convoca a la 2 da. Jornada de Pastoral Social que se realizar\u00e1 este s\u00e1bado 27 de agosto de en la Sede Diocesana de Pastoral, de 9 a 11,30hs.<\/span><\/p>\n<p style=\"text-align: justify;\"><span style=\"color: #000000;\">Este encuentro, es continuidad del primero que se realiz\u00f3 el pasado 30 de julio, pero as\u00ed mismo no es condicionante para participar. La jornada es abierta a todos los que les interesa la tem\u00e1tica. El objetivo de esta jornada es ir perge\u00f1ando como trasladar las ense\u00f1anzas de la doctrina social de la iglesia en acciones y gestos concretos en los \u00e1mbitos que cada uno de los presentes lleva adelante su compromiso social.<\/span><\/p>\n<p style=\"text-align: justify;\"><span style=\"color: #000000;\">En esta oportunidad la jornada se desarrollara en modalidad taller, el primer momento a cargo de la Profesora Mar\u00eda Haydee Faccioli, con el tema \u201cIglesia y sociedad en di\u00e1logo permanente\u201d y el segundo momento a cargo del equipo de la Pastoral social que coordinaran las sugerencias y desaf\u00edos para caminar juntos.<\/span><\/p>\n<p style=\"text-align: justify;\"><span style=\"color: #000000;\">Con la certeza de que todos respondemos al llamado de Dios, los esperamos con alegr\u00eda para resignificar a la persona como &#8216;ser social&#8217; y &#8216;saber que no estamos amontonados sin remedio sino unidos por una m\u00edstica, un esp\u00edritu, unos valores que valen la pena y nos ponen en marcha.<\/span><\/p>\n","protected":false},"excerpt":{"rendered":"<div class=\"mh-excerpt\"><p>En el marco del camino sinodal de la Iglesia, el equipo diocesano de Pastoral Social de Reconquista convoca a la 2 da. Jornada de Pastoral <a class=\"mh-excerpt-more\" href=\"https:\/\/www.obispadorqta.org.ar\/v3\/segunda-jornada-de-pastoral-social-sonar-la-iglesia-que-queremos\/\" title=\"Segunda Jornada de Pastoral Social: \u00abSo\u00f1ar la Iglesia que queremos\u00bb\">[&#8230;]<\/a><\/p>\n<\/div>","protected":false},"author":3,"featured_media":7924,"comment_status":"closed","ping_status":"open","sticky":false,"template":"","format":"standard","meta":{"footnotes":""},"categories":[6,28],"tags":[],"class_list":["post-7918","post","type-post","status-publish","format-standard","has-post-thumbnail","hentry","category-news","category-latest-news"],"_links":{"self":[{"href":"https:\/\/www.obispadorqta.org.ar\/v3\/wp-json\/wp\/v2\/posts\/7918","targetHints":{"allow":["GET"]}}],"collection":[{"href":"https:\/\/www.obispadorqta.org.ar\/v3\/wp-json\/wp\/v2\/posts"}],"about":[{"href":"https:\/\/www.obispadorqta.org.ar\/v3\/wp-json\/wp\/v2\/types\/post"}],"author":[{"embeddable":true,"href":"https:\/\/www.obispadorqta.org.ar\/v3\/wp-json\/wp\/v2\/users\/3"}],"replies":[{"embeddable":true,"href":"https:\/\/www.obispadorqta.org.ar\/v3\/wp-json\/wp\/v2\/comments?post=7918"}],"version-history":[{"count":2,"href":"https:\/\/www.obispadorqta.org.ar\/v3\/wp-json\/wp\/v2\/posts\/7918\/revisions"}],"predecessor-version":[{"id":7925,"href":"https:\/\/www.obispadorqta.org.ar\/v3\/wp-json\/wp\/v2\/posts\/7918\/revisions\/7925"}],"wp:featuredmedia":[{"embeddable":true,"href":"https:\/\/www.obispadorqta.org.ar\/v3\/wp-json\/wp\/v2\/media\/7924"}],"wp:attachment":[{"href":"https:\/\/www.obispadorqta.org.ar\/v3\/wp-json\/wp\/v2\/media?parent=7918"}],"wp:term":[{"taxonomy":"category","embeddable":true,"href":"https:\/\/www.obispadorqta.org.ar\/v3\/wp-json\/wp\/v2\/categories?post=7918"},{"taxonomy":"post_tag","embeddable":true,"href":"https:\/\/www.obispadorqta.org.ar\/v3\/wp-json\/wp\/v2\/tags?post=7918"}],"curies":[{"name":"wp","href":"https:\/\/api.w.org\/{rel}","templated":true}]}}