{"id":7926,"date":"2022-08-24T10:18:18","date_gmt":"2022-08-24T13:18:18","guid":{"rendered":"http:\/\/www.obispadorqta.org.ar\/v3\/?p=7926"},"modified":"2022-08-24T10:20:53","modified_gmt":"2022-08-24T13:20:53","slug":"peregrinacion-a-itati-de-la-catequesis-especial","status":"publish","type":"post","link":"https:\/\/www.obispadorqta.org.ar\/v3\/peregrinacion-a-itati-de-la-catequesis-especial\/","title":{"rendered":"XLII\u00b0 Peregrinaci\u00f3n a Itat\u00ed Catequesis Especial NEA"},"content":{"rendered":"<p style=\"text-align: justify;\"><span style=\"color: #000000;\">Centenares de fieles de las di\u00f3cesis que componen la regi\u00f3n NEA participaran este domingo 28 de agosto de la <strong>XLII\u00b0 Peregrinaci\u00f3n Regional de las Familias de la Catequesis Especial a Itat\u00ed<\/strong>, que en esta oportunidad llevara como lema \u201c<em><strong>Con Mam\u00e1 Mar\u00eda, seguimos caminando alegres junto a&nbsp; Jes\u00fas\u201d.<img loading=\"lazy\" decoding=\"async\" class=\"aligncenter  wp-image-7928\" src=\"https:\/\/www.obispadorqta.org.ar\/v3\/wp-content\/uploads\/2022\/08\/IMG-20220824-WA0002.jpg\" alt=\"\" width=\"414\" height=\"310\" srcset=\"https:\/\/www.obispadorqta.org.ar\/v3\/wp-content\/uploads\/2022\/08\/IMG-20220824-WA0002.jpg 1280w, https:\/\/www.obispadorqta.org.ar\/v3\/wp-content\/uploads\/2022\/08\/IMG-20220824-WA0002-300x225.jpg 300w, https:\/\/www.obispadorqta.org.ar\/v3\/wp-content\/uploads\/2022\/08\/IMG-20220824-WA0002-1024x766.jpg 1024w, https:\/\/www.obispadorqta.org.ar\/v3\/wp-content\/uploads\/2022\/08\/IMG-20220824-WA0002-768x575.jpg 768w, https:\/\/www.obispadorqta.org.ar\/v3\/wp-content\/uploads\/2022\/08\/IMG-20220824-WA0002-678x509.jpg 678w, https:\/\/www.obispadorqta.org.ar\/v3\/wp-content\/uploads\/2022\/08\/IMG-20220824-WA0002-326x245.jpg 326w, https:\/\/www.obispadorqta.org.ar\/v3\/wp-content\/uploads\/2022\/08\/IMG-20220824-WA0002-80x60.jpg 80w\" sizes=\"auto, (max-width: 414px) 100vw, 414px\" \/><\/strong><\/em><\/span><\/p>\n<p style=\"text-align: justify;\"><span style=\"color: #000000;\">Esta manifestaci\u00f3n p\u00fablica de fe re\u00fane cada a\u00f1o a personas con capacidades diferentes, sus familias y catequistas provenientes de las arquidi\u00f3cesis de Corrientes y Resistencia, y las di\u00f3cesis de San Roque, Formosa, Puerto Iguaz\u00fa, Posadas, Ober\u00e1, Reconquista, Goya y Santo Tom\u00e9.<\/span><\/p>\n<p style=\"text-align: justify;\"><span style=\"color: #000000;\">La jornada comenz\u00f3 con la bienvenida a los peregrinos y la celebraci\u00f3n de la Santa Misa a las 11 hs. en la Bas\u00edlica Nuestra Se\u00f1ora de Itat\u00ed. Luego, los fieles participaran de una procesi\u00f3n alrededor de la plaza para culminar con el tradicional fog\u00f3n, momento en que cada grupo de las di\u00f3cesis y sus familias compartieron un espacio de integraci\u00f3n con diferentes recreaciones, presentaciones art\u00edsticas y vivencias.<\/span><\/p>\n","protected":false},"excerpt":{"rendered":"<div class=\"mh-excerpt\"><p>Centenares de fieles de las di\u00f3cesis que componen la regi\u00f3n NEA participaran este domingo 28 de agosto de la XLII\u00b0 Peregrinaci\u00f3n Regional de las Familias <a class=\"mh-excerpt-more\" href=\"https:\/\/www.obispadorqta.org.ar\/v3\/peregrinacion-a-itati-de-la-catequesis-especial\/\" title=\"XLII\u00b0 Peregrinaci\u00f3n a Itat\u00ed Catequesis Especial NEA\">[&#8230;]<\/a><\/p>\n<\/div>","protected":false},"author":3,"featured_media":7931,"comment_status":"closed","ping_status":"open","sticky":false,"template":"","format":"standard","meta":{"footnotes":""},"categories":[6,28],"tags":[],"class_list":["post-7926","post","type-post","status-publish","format-standard","has-post-thumbnail","hentry","category-news","category-latest-news"],"_links":{"self":[{"href":"https:\/\/www.obispadorqta.org.ar\/v3\/wp-json\/wp\/v2\/posts\/7926","targetHints":{"allow":["GET"]}}],"collection":[{"href":"https:\/\/www.obispadorqta.org.ar\/v3\/wp-json\/wp\/v2\/posts"}],"about":[{"href":"https:\/\/www.obispadorqta.org.ar\/v3\/wp-json\/wp\/v2\/types\/post"}],"author":[{"embeddable":true,"href":"https:\/\/www.obispadorqta.org.ar\/v3\/wp-json\/wp\/v2\/users\/3"}],"replies":[{"embeddable":true,"href":"https:\/\/www.obispadorqta.org.ar\/v3\/wp-json\/wp\/v2\/comments?post=7926"}],"version-history":[{"count":3,"href":"https:\/\/www.obispadorqta.org.ar\/v3\/wp-json\/wp\/v2\/posts\/7926\/revisions"}],"predecessor-version":[{"id":7933,"href":"https:\/\/www.obispadorqta.org.ar\/v3\/wp-json\/wp\/v2\/posts\/7926\/revisions\/7933"}],"wp:featuredmedia":[{"embeddable":true,"href":"https:\/\/www.obispadorqta.org.ar\/v3\/wp-json\/wp\/v2\/media\/7931"}],"wp:attachment":[{"href":"https:\/\/www.obispadorqta.org.ar\/v3\/wp-json\/wp\/v2\/media?parent=7926"}],"wp:term":[{"taxonomy":"category","embeddable":true,"href":"https:\/\/www.obispadorqta.org.ar\/v3\/wp-json\/wp\/v2\/categories?post=7926"},{"taxonomy":"post_tag","embeddable":true,"href":"https:\/\/www.obispadorqta.org.ar\/v3\/wp-json\/wp\/v2\/tags?post=7926"}],"curies":[{"name":"wp","href":"https:\/\/api.w.org\/{rel}","templated":true}]}}