{"id":7935,"date":"2022-08-24T11:31:31","date_gmt":"2022-08-24T14:31:31","guid":{"rendered":"http:\/\/www.obispadorqta.org.ar\/v3\/?p=7935"},"modified":"2022-08-24T11:36:08","modified_gmt":"2022-08-24T14:36:08","slug":"nueva-licenciada-en-derecho-canonico","status":"publish","type":"post","link":"https:\/\/www.obispadorqta.org.ar\/v3\/nueva-licenciada-en-derecho-canonico\/","title":{"rendered":"NUEVA LICENCIADA EN DERECHO CAN\u00d3NICO"},"content":{"rendered":"<p style=\"text-align: justify;\">Con alegr\u00eda, comunicamos que en el d\u00eda de ayer, 23 de agosto de 2022, la Dra. Mar\u00eda Emilia Acosta, abogada en el fuero civil, ha concluido la Licenciatura en Derecho Can\u00f3nico, en la Facultad de Derecho Can\u00f3nico de la UCA, con el patrocinio del obispado, quien ha gestionado una beca para tal fin y realizado aportes propios.<\/p>\n<p style=\"text-align: justify;\">Adem\u00e1s de contar con una nueva especialista en esta \u00e1rea, para atender la multiplicidad de tareas que se presentan, es bueno subrayar que esto fortalece una orientaci\u00f3n del obispado de contar con especialistas en diversas disciplinas teol\u00f3gicas y afines para un mejor servicio al Pueblo de Dios.<\/p>\n<p style=\"text-align: justify;\">Adem\u00e1s, es la primera laica y mujer de la di\u00f3cesis, que por mandato y aval del obispado, realiza estudios de postgrado. Es intenci\u00f3n de nuestro obispo continuar por esta senda, integrando a cl\u00e9rigos y laicos, son esp\u00edritu sinodal, en este servicio cualificado.<\/p>\n","protected":false},"excerpt":{"rendered":"<div class=\"mh-excerpt\"><p>Con alegr\u00eda, comunicamos que en el d\u00eda de ayer, 23 de agosto de 2022, la Dra. Mar\u00eda Emilia Acosta, abogada en el fuero civil, ha <a class=\"mh-excerpt-more\" href=\"https:\/\/www.obispadorqta.org.ar\/v3\/nueva-licenciada-en-derecho-canonico\/\" title=\"NUEVA LICENCIADA EN DERECHO CAN\u00d3NICO\">[&#8230;]<\/a><\/p>\n<\/div>","protected":false},"author":3,"featured_media":7944,"comment_status":"closed","ping_status":"open","sticky":false,"template":"","format":"standard","meta":{"footnotes":""},"categories":[6,28],"tags":[],"class_list":["post-7935","post","type-post","status-publish","format-standard","has-post-thumbnail","hentry","category-news","category-latest-news"],"_links":{"self":[{"href":"https:\/\/www.obispadorqta.org.ar\/v3\/wp-json\/wp\/v2\/posts\/7935","targetHints":{"allow":["GET"]}}],"collection":[{"href":"https:\/\/www.obispadorqta.org.ar\/v3\/wp-json\/wp\/v2\/posts"}],"about":[{"href":"https:\/\/www.obispadorqta.org.ar\/v3\/wp-json\/wp\/v2\/types\/post"}],"author":[{"embeddable":true,"href":"https:\/\/www.obispadorqta.org.ar\/v3\/wp-json\/wp\/v2\/users\/3"}],"replies":[{"embeddable":true,"href":"https:\/\/www.obispadorqta.org.ar\/v3\/wp-json\/wp\/v2\/comments?post=7935"}],"version-history":[{"count":2,"href":"https:\/\/www.obispadorqta.org.ar\/v3\/wp-json\/wp\/v2\/posts\/7935\/revisions"}],"predecessor-version":[{"id":7945,"href":"https:\/\/www.obispadorqta.org.ar\/v3\/wp-json\/wp\/v2\/posts\/7935\/revisions\/7945"}],"wp:featuredmedia":[{"embeddable":true,"href":"https:\/\/www.obispadorqta.org.ar\/v3\/wp-json\/wp\/v2\/media\/7944"}],"wp:attachment":[{"href":"https:\/\/www.obispadorqta.org.ar\/v3\/wp-json\/wp\/v2\/media?parent=7935"}],"wp:term":[{"taxonomy":"category","embeddable":true,"href":"https:\/\/www.obispadorqta.org.ar\/v3\/wp-json\/wp\/v2\/categories?post=7935"},{"taxonomy":"post_tag","embeddable":true,"href":"https:\/\/www.obispadorqta.org.ar\/v3\/wp-json\/wp\/v2\/tags?post=7935"}],"curies":[{"name":"wp","href":"https:\/\/api.w.org\/{rel}","templated":true}]}}