{"id":7948,"date":"2022-08-31T10:24:54","date_gmt":"2022-08-31T13:24:54","guid":{"rendered":"http:\/\/www.obispadorqta.org.ar\/v3\/?p=7948"},"modified":"2022-08-31T10:30:32","modified_gmt":"2022-08-31T13:30:32","slug":"septiembre-mes-de-la-biblia-8","status":"publish","type":"post","link":"https:\/\/www.obispadorqta.org.ar\/v3\/septiembre-mes-de-la-biblia-8\/","title":{"rendered":"Septiembre mes de la Biblia"},"content":{"rendered":"<p style=\"text-align: justify;\"><span style=\"color: #000000;\">Durante todo el mes de septiembre, la Iglesia celebra el mes de la Santa Biblia y presta especial atenci\u00f3n a la Palabra de Dios contenida en las Sagradas Escrituras.<\/span><\/p>\n<p style=\"text-align: justify;\"><span style=\"color: #000000;\">Para nosotros, los Cristianos Cat\u00f3licos, septiembre es el mes de la Biblia porque el d\u00eda 30 de septiembre es el d\u00eda de San Jer\u00f3nimo, el hombre que dedic\u00f3 su vida al estudio y a la traducci\u00f3n de la Biblia al lat\u00edn.<\/span><\/p>\n<p style=\"text-align: justify;\"><span style=\"color: #000000;\">El Departamento Nacional de Animaci\u00f3n y Pastoral B\u00edblica (DeNAPBi) de la Conferencia Episcopal Argentina (CEA), como lo viene haciendo desde hace unos a\u00f1os, propone anualmente un lema y un subsidio con una decena de gu\u00edas para realizar la Lectura Orante de la Palabra en torno al lema.<\/span><\/p>\n<p style=\"text-align: justify;\"><span style=\"color: #000000;\">Este a\u00f1o, para la publicaci\u00f3n del subsidio se ha tenido en cuenta la carta enc\u00edclica Fratelli tutti del Papa Francisco y se ha elegido el lema \u201c\u00bfY qui\u00e9n es mi pr\u00f3jimo?\u201d Cuenta con diez esquemas a partir de textos del Antiguo y del Nuevo Testamento.<\/span><\/p>\n<p style=\"text-align: justify;\"><span style=\"color: #000000;\">Para mayor informaci\u00f3n: pastoralbiblicacea@gmail.com<\/span><\/p>\n<p style=\"text-align: justify;\"><img loading=\"lazy\" decoding=\"async\" class=\"aligncenter\" src=\"https:\/\/abpcea.files.wordpress.com\/2022\/08\/lectura-orante-subsidio.jpg?w=1024\" width=\"442\" height=\"442\"><\/p>\n","protected":false},"excerpt":{"rendered":"<div class=\"mh-excerpt\"><p>Durante todo el mes de septiembre, la Iglesia celebra el mes de la Santa Biblia y presta especial atenci\u00f3n a la Palabra de Dios contenida <a class=\"mh-excerpt-more\" href=\"https:\/\/www.obispadorqta.org.ar\/v3\/septiembre-mes-de-la-biblia-8\/\" title=\"Septiembre mes de la Biblia\">[&#8230;]<\/a><\/p>\n<\/div>","protected":false},"author":3,"featured_media":7970,"comment_status":"closed","ping_status":"open","sticky":false,"template":"","format":"standard","meta":{"footnotes":""},"categories":[6,28],"tags":[],"class_list":["post-7948","post","type-post","status-publish","format-standard","has-post-thumbnail","hentry","category-news","category-latest-news"],"_links":{"self":[{"href":"https:\/\/www.obispadorqta.org.ar\/v3\/wp-json\/wp\/v2\/posts\/7948","targetHints":{"allow":["GET"]}}],"collection":[{"href":"https:\/\/www.obispadorqta.org.ar\/v3\/wp-json\/wp\/v2\/posts"}],"about":[{"href":"https:\/\/www.obispadorqta.org.ar\/v3\/wp-json\/wp\/v2\/types\/post"}],"author":[{"embeddable":true,"href":"https:\/\/www.obispadorqta.org.ar\/v3\/wp-json\/wp\/v2\/users\/3"}],"replies":[{"embeddable":true,"href":"https:\/\/www.obispadorqta.org.ar\/v3\/wp-json\/wp\/v2\/comments?post=7948"}],"version-history":[{"count":5,"href":"https:\/\/www.obispadorqta.org.ar\/v3\/wp-json\/wp\/v2\/posts\/7948\/revisions"}],"predecessor-version":[{"id":7969,"href":"https:\/\/www.obispadorqta.org.ar\/v3\/wp-json\/wp\/v2\/posts\/7948\/revisions\/7969"}],"wp:featuredmedia":[{"embeddable":true,"href":"https:\/\/www.obispadorqta.org.ar\/v3\/wp-json\/wp\/v2\/media\/7970"}],"wp:attachment":[{"href":"https:\/\/www.obispadorqta.org.ar\/v3\/wp-json\/wp\/v2\/media?parent=7948"}],"wp:term":[{"taxonomy":"category","embeddable":true,"href":"https:\/\/www.obispadorqta.org.ar\/v3\/wp-json\/wp\/v2\/categories?post=7948"},{"taxonomy":"post_tag","embeddable":true,"href":"https:\/\/www.obispadorqta.org.ar\/v3\/wp-json\/wp\/v2\/tags?post=7948"}],"curies":[{"name":"wp","href":"https:\/\/api.w.org\/{rel}","templated":true}]}}