{"id":7957,"date":"2022-09-05T17:36:20","date_gmt":"2022-09-05T20:36:20","guid":{"rendered":"http:\/\/www.obispadorqta.org.ar\/v3\/?p=7957"},"modified":"2022-09-06T17:42:41","modified_gmt":"2022-09-06T20:42:41","slug":"11-de-septiembre-colecta-nacional-mas-por-menos","status":"publish","type":"post","link":"https:\/\/www.obispadorqta.org.ar\/v3\/11-de-septiembre-colecta-nacional-mas-por-menos\/","title":{"rendered":"11 de septiembre: Colecta Nacional m\u00e1s por menos"},"content":{"rendered":"<p style=\"text-align: justify;\">Es una colecta imperada por la Conferencia Episcopal Argentina y organizada por la Comisi\u00f3n Episcopal de Ayuda a las Regiones M\u00e1s Necesitadas. Se realiza en todas las misas de los segundos domingos de septiembre de cada a\u00f1o en todo el Pa\u00eds, y muchas veces extendida en las Misas de todo el fin de semana.<\/p>\n<p style=\"text-align: justify;\">Las obras que apoya M\u00e1s por Menos ayudan a paliar las dificultades de gran parte de la poblaci\u00f3n del interior, especialmente aquella que se encuentra marginada en las zonas m\u00e1s pobres de Argentina. Por ello, M\u00e1s por Menos, es un puente de comunicaci\u00f3n entre los que m\u00e1s tienen y los que tienen poco o nada. Los obispos la definen como \u00abun espacio creado para compensar la falta de equidad social\u00bb La colecta M\u00e1s por Menos es una de las de mayor envergadura dentro de la Iglesia Cat\u00f3lica Argentina.<\/p>\n<p style=\"text-align: justify;\">En la Argentina hay una profunda inequidad con muchos recursos por un lado y muchas necesidades por el otro. Esta colecta es un gesto que busca que estas dos realidades puedan encontrarse.<\/p>\n<p style=\"text-align: justify;\">M\u00e1s por Menos significa brindar auxilio para que la Iglesia pueda llegar a todos con su mensaje de vida y su amor solidario. Sin excluir a nadie, esta colecta pretende ser un instrumento m\u00e1s para fortalecer con recursos la convocatoria a todos a asumir la Buena Noticia del Evangelio en una vida pastoral y comunitaria que ayude a formar ciudadanos responsables, honestos y justos.<\/p>\n<p><img loading=\"lazy\" decoding=\"async\" class=\"aligncenter size-full wp-image-7961\" src=\"https:\/\/www.obispadorqta.org.ar\/v3\/wp-content\/uploads\/2022\/08\/AFICHE-45x60-1.jpg\" alt=\"\" width=\"1280\" height=\"853\" srcset=\"https:\/\/www.obispadorqta.org.ar\/v3\/wp-content\/uploads\/2022\/08\/AFICHE-45x60-1.jpg 1280w, https:\/\/www.obispadorqta.org.ar\/v3\/wp-content\/uploads\/2022\/08\/AFICHE-45x60-1-300x200.jpg 300w, https:\/\/www.obispadorqta.org.ar\/v3\/wp-content\/uploads\/2022\/08\/AFICHE-45x60-1-1024x682.jpg 1024w, https:\/\/www.obispadorqta.org.ar\/v3\/wp-content\/uploads\/2022\/08\/AFICHE-45x60-1-768x512.jpg 768w\" sizes=\"auto, (max-width: 1280px) 100vw, 1280px\" \/><\/p>\n\n\n<figure class=\"wp-block-video\"><video controls src=\"blob:http:\/\/www.obispadorqta.org.ar\/afec58bd-b8d0-47ef-86d1-d11a0a80d56b\"><\/video><\/figure>\n","protected":false},"excerpt":{"rendered":"<div class=\"mh-excerpt\"><p>Es una colecta imperada por la Conferencia Episcopal Argentina y organizada por la Comisi\u00f3n Episcopal de Ayuda a las Regiones M\u00e1s Necesitadas. Se realiza en <a class=\"mh-excerpt-more\" href=\"https:\/\/www.obispadorqta.org.ar\/v3\/11-de-septiembre-colecta-nacional-mas-por-menos\/\" title=\"11 de septiembre: Colecta Nacional m\u00e1s por menos\">[&#8230;]<\/a><\/p>\n<\/div>","protected":false},"author":2,"featured_media":7960,"comment_status":"closed","ping_status":"open","sticky":false,"template":"","format":"standard","meta":{"footnotes":""},"categories":[6,28],"tags":[],"class_list":["post-7957","post","type-post","status-publish","format-standard","has-post-thumbnail","hentry","category-news","category-latest-news"],"_links":{"self":[{"href":"https:\/\/www.obispadorqta.org.ar\/v3\/wp-json\/wp\/v2\/posts\/7957","targetHints":{"allow":["GET"]}}],"collection":[{"href":"https:\/\/www.obispadorqta.org.ar\/v3\/wp-json\/wp\/v2\/posts"}],"about":[{"href":"https:\/\/www.obispadorqta.org.ar\/v3\/wp-json\/wp\/v2\/types\/post"}],"author":[{"embeddable":true,"href":"https:\/\/www.obispadorqta.org.ar\/v3\/wp-json\/wp\/v2\/users\/2"}],"replies":[{"embeddable":true,"href":"https:\/\/www.obispadorqta.org.ar\/v3\/wp-json\/wp\/v2\/comments?post=7957"}],"version-history":[{"count":3,"href":"https:\/\/www.obispadorqta.org.ar\/v3\/wp-json\/wp\/v2\/posts\/7957\/revisions"}],"predecessor-version":[{"id":7963,"href":"https:\/\/www.obispadorqta.org.ar\/v3\/wp-json\/wp\/v2\/posts\/7957\/revisions\/7963"}],"wp:featuredmedia":[{"embeddable":true,"href":"https:\/\/www.obispadorqta.org.ar\/v3\/wp-json\/wp\/v2\/media\/7960"}],"wp:attachment":[{"href":"https:\/\/www.obispadorqta.org.ar\/v3\/wp-json\/wp\/v2\/media?parent=7957"}],"wp:term":[{"taxonomy":"category","embeddable":true,"href":"https:\/\/www.obispadorqta.org.ar\/v3\/wp-json\/wp\/v2\/categories?post=7957"},{"taxonomy":"post_tag","embeddable":true,"href":"https:\/\/www.obispadorqta.org.ar\/v3\/wp-json\/wp\/v2\/tags?post=7957"}],"curies":[{"name":"wp","href":"https:\/\/api.w.org\/{rel}","templated":true}]}}