{"id":7972,"date":"2022-09-01T17:46:20","date_gmt":"2022-09-01T20:46:20","guid":{"rendered":"http:\/\/www.obispadorqta.org.ar\/v3\/?p=7972"},"modified":"2022-09-02T08:32:14","modified_gmt":"2022-09-02T11:32:14","slug":"la-imagen-de-la-virgen-de-lujan-que-estuvo-en-malvinas-llega-a-nuestra-diocesis","status":"publish","type":"post","link":"https:\/\/www.obispadorqta.org.ar\/v3\/la-imagen-de-la-virgen-de-lujan-que-estuvo-en-malvinas-llega-a-nuestra-diocesis\/","title":{"rendered":"La imagen de la Virgen de Luj\u00e1n que estuvo en Malvinas llega a nuestra di\u00f3cesis"},"content":{"rendered":"<p style=\"text-align: justify;\"><span style=\"color: #000000;\">La la imagen de \u201cNtra. Sra. de Luj\u00e1n\u201d que acompa\u00f1\u00f3 a nuestros h\u00e9roes durante la guerra de Malvinas llegar\u00e1 este jueves 08 de septiembre a nuestra Di\u00f3cesis.<\/span><\/p>\n<p style=\"text-align: justify;\"><span style=\"color: #000000;\">Seg\u00fan el cronograma fijado, arribara a la Tercera Brigada \u00c1rea de Reconquista el d\u00eda 08 de septiembre a las 11.00 hs. donde se celebrar\u00e1 la Santa Misa en la Plaza de Armas de la Brigada, presida por el Capell\u00e1n Pbro. Rafael Melida, luego ser\u00e1 trasladada en procesi\u00f3n hasta la Iglesia del Barrio Aeron\u00e1utico, donde a las 19 hs., se rezar\u00e1n las miles Aves Mar\u00edas y se celebrar\u00e1 la Misa.<\/span><\/p>\n<p style=\"text-align: justify;\"><span style=\"color: #000000;\">En tanto, el d\u00eda viernes 09 de septiembre a las 8.00 hs. visitar\u00e1 la Prefectura Naval de Reconquista, a las 10.00 hs. se la llevar\u00e1 en procesi\u00f3n, pasando por Plaza San Mart\u00edn, donde se encuentra el monumento en honor a los Ca\u00eddos y Veteranos , y se elevar\u00e1 una oraci\u00f3n por los soldados ca\u00eddos en combate.<\/span><\/p>\n<p style=\"text-align: justify;\"><span style=\"color: #000000;\">A continuaci\u00f3n seguir\u00e1 su recorrido por el Camino H\u00e9roes de Malvinas, pasando por el Monumento que se encuentra en la intersecci\u00f3n con calle 21 de al ciudad de Avellaneda, para llegar a la dependencia de Gendarmer\u00eda Nacional , ubicada en Av. Circunvalaci\u00f3n N\u00ba 335 de dicha ciudad.<\/span><\/p>\n<p style=\"text-align: justify;\"><span style=\"color: #000000;\">A las 16.00 hs. se trasladar\u00e1 la imagen hacia la Catedral de Reconquista, permanecer\u00e1 all\u00ed hasta las 20 hs., donde se celebrar\u00e1 la Santa Misa presidida por el obispo diocesano, Mons. Dr. \u00c1ngel Jos\u00e9 Mac\u00edn.<\/span><\/p>\n<p style=\"text-align: justify;\"><span style=\"color: #000000;\">La imagen est\u00e1 recorriendo el pa\u00eds. Viene de Rafaela, con la intenci\u00f3n de que recemos, especialmente, por los ca\u00eddos en Malvinas, recordando los 40 a\u00f1os de la gesta, adem\u00e1s de poner en las manos de Dios las vidas que se han perdido y de pedir especialmente por nuestra Patria.<\/span><\/p>\n<p style=\"text-align: justify;\"><span style=\"color: #000000;\"><img loading=\"lazy\" decoding=\"async\" class=\"aligncenter size-full wp-image-7975\" src=\"https:\/\/www.obispadorqta.org.ar\/v3\/wp-content\/uploads\/2022\/09\/IMG-20220901-WA0016.jpg\" alt=\"\" width=\"960\" height=\"831\" srcset=\"https:\/\/www.obispadorqta.org.ar\/v3\/wp-content\/uploads\/2022\/09\/IMG-20220901-WA0016.jpg 960w, https:\/\/www.obispadorqta.org.ar\/v3\/wp-content\/uploads\/2022\/09\/IMG-20220901-WA0016-300x260.jpg 300w, https:\/\/www.obispadorqta.org.ar\/v3\/wp-content\/uploads\/2022\/09\/IMG-20220901-WA0016-768x665.jpg 768w\" sizes=\"auto, (max-width: 960px) 100vw, 960px\" \/><\/span><\/p>\n<p style=\"text-align: justify;\"><strong><span style=\"color: #000000;\">Un repaso por su recorrido<\/span><\/strong><br \/>\n<span style=\"color: #000000;\">La imagen de Nuestra Se\u00f1ora de Luj\u00e1n lleg\u00f3 a Malvinas el 9 de abril de 1982, a pocos d\u00edas del desembarco argentino. Fue trasladada desde el continente por el capell\u00e1n mayor de la Fuerza A\u00e9rea, Mons. Roque Manuel Puyelli, con el objetivo de acompa\u00f1ar, sostener y proteger a los soldados durante el conflicto.<\/span><\/p>\n<p style=\"text-align: justify;\"><span style=\"color: #000000;\">En las islas, la imagen fue entronizada en la parroquia Stella Maris de Malvinas para que, desde all\u00ed, bendiga a todos los que estaban destinados a defender la Patria.<\/span><\/p>\n<p style=\"text-align: justify;\"><img loading=\"lazy\" decoding=\"async\" class=\"aligncenter size-full wp-image-7976\" src=\"https:\/\/www.obispadorqta.org.ar\/v3\/wp-content\/uploads\/2022\/09\/IMG-20220901-WA0014.jpg\" alt=\"\" width=\"853\" height=\"1600\" srcset=\"https:\/\/www.obispadorqta.org.ar\/v3\/wp-content\/uploads\/2022\/09\/IMG-20220901-WA0014.jpg 853w, https:\/\/www.obispadorqta.org.ar\/v3\/wp-content\/uploads\/2022\/09\/IMG-20220901-WA0014-160x300.jpg 160w, https:\/\/www.obispadorqta.org.ar\/v3\/wp-content\/uploads\/2022\/09\/IMG-20220901-WA0014-546x1024.jpg 546w, https:\/\/www.obispadorqta.org.ar\/v3\/wp-content\/uploads\/2022\/09\/IMG-20220901-WA0014-768x1441.jpg 768w, https:\/\/www.obispadorqta.org.ar\/v3\/wp-content\/uploads\/2022\/09\/IMG-20220901-WA0014-819x1536.jpg 819w\" sizes=\"auto, (max-width: 853px) 100vw, 853px\" \/><br \/>\n<span style=\"color: #000000;\">En ese marco, el 8 de mayo, d\u00eda de la Sant\u00edsima Virgen, el capell\u00e1n Vicente Mart\u00ednez Torrens realiz\u00f3 una procesi\u00f3n en su honor por distintos puntos del territorio recuperado.<\/span><\/p>\n<p style=\"text-align: justify;\"><span style=\"color: #000000;\">Entre la diferentes historias que se narran, se recuerda como un hecho central la consagraci\u00f3n a la virgen de Luj\u00e1n del aeropuerto de Puerto Argentino que, pese a recibir un bombardeo ingl\u00e9s con m\u00e1s de 120 toneladas de bombas, no sufri\u00f3 da\u00f1os en su pista que lo obligaran a quedar fuera servicio.<\/span><\/p>\n<p style=\"text-align: justify;\"><strong><span style=\"color: #000000;\">El final de la guerra<\/span><\/strong><\/p>\n<p style=\"text-align: justify;\"><span style=\"color: #000000;\">Tras el final de la guerra, un capell\u00e1n ingl\u00e9s resguard\u00f3 la imagen y solicit\u00f3 su traslado para su custodia y veneraci\u00f3n en Inglaterra, por lo que fue entronizada en la Catedral Castrense San Miguel y San Jorge de la ciudad de Aldershot, lugar en el que permaneci\u00f3 durante 37 a\u00f1os.<\/span><\/p>\n<p style=\"text-align: justify;\"><span style=\"color: #000000;\">En la Argentina se desconoc\u00eda la existencia de la virgen, hasta que, en 2018, un grupo de laicos conocido como \u201cLa Fe del Centuri\u00f3n\u201d, pertenecientes a la Di\u00f3cesis de Quilmes (Buenos Aires), que actualmente conduce el sacerdote riocuartense Carlos Tissera, reconoci\u00f3 la imagen de Nuestra Se\u00f1ora de Luj\u00e1n en un art\u00edculo publicado por la Gaceta Malvinense. En dicho escrito, se mencionaba que la imagen en cuesti\u00f3n hab\u00eda acompa\u00f1ado la misi\u00f3n de los capellanes argentinos en las islas.<\/span><\/p>\n<p style=\"text-align: justify;\"><span style=\"color: #000000;\">Ante el hallazgo, el grupo se comunic\u00f3 con el presidente de la Conferencia Episcopal Argentina, monse\u00f1or Oscar Ojea, para dar cuenta del deseo de que la imagen vuelva a la Argentina.<\/span><\/p>\n<p style=\"text-align: justify;\"><span style=\"color: #000000;\">Como obispo castrense, monse\u00f1or Santiago Olivera fue designado a cargo de la misi\u00f3n, por lo que inici\u00f3 gestiones con el obispo castrense de Inglaterra, monse\u00f1or Paul James Mason, a trav\u00e9s de intercambios de cartas.<\/span><br \/>\n<span style=\"color: #000000;\">Los sacerdotes acordaron encontrarse en Roma. Durante la reuni\u00f3n, conversaron sobre el gran movimiento que genera Mar\u00eda, al tiempo que se reconocieron mutuamente el inter\u00e9s por el tema y la disponibilidad para llegar a un acuerdo, hecho que finalmente se termin\u00f3 concretando.<\/span><\/p>\n<p style=\"text-align: justify;\"><span style=\"color: #000000;\">Fue as\u00ed que, a cambio de la imagen que estuvo en Malvinas, monse\u00f1or Olivera le ofreci\u00f3 una r\u00e9plica de la patrona de Argentina a monse\u00f1or Mason, teniendo en cuenta que la virgen original fue venerada con amor y respeto durante muchos a\u00f1os en Inglaterra.<\/span><\/p>\n<p style=\"text-align: justify;\"><span style=\"color: #000000;\">De esta manera, el 27 de octubre de 2019 la Virgen de Luj\u00e1n Malvinera emprendi\u00f3 su viaje de retorno a nuestro pa\u00eds. Inicialmente, fue trasladada al Vaticano, donde el papa Francisco presidi\u00f3 el intercambio entre la figura original y la r\u00e9plica, tras la bendici\u00f3n de ambas.<\/span><\/p>\n<p style=\"text-align: justify;\"><span style=\"color: #000000;\">Una vez en suelo argentino, la virgen comenz\u00f3 a recorrer las distintas di\u00f3cesis del pa\u00eds.<\/span><\/p>\n","protected":false},"excerpt":{"rendered":"<div class=\"mh-excerpt\"><p>La la imagen de \u201cNtra. Sra. de Luj\u00e1n\u201d que acompa\u00f1\u00f3 a nuestros h\u00e9roes durante la guerra de Malvinas llegar\u00e1 este jueves 08 de septiembre a <a class=\"mh-excerpt-more\" href=\"https:\/\/www.obispadorqta.org.ar\/v3\/la-imagen-de-la-virgen-de-lujan-que-estuvo-en-malvinas-llega-a-nuestra-diocesis\/\" title=\"La imagen de la Virgen de Luj\u00e1n que estuvo en Malvinas llega a nuestra di\u00f3cesis\">[&#8230;]<\/a><\/p>\n<\/div>","protected":false},"author":3,"featured_media":7984,"comment_status":"closed","ping_status":"open","sticky":false,"template":"","format":"standard","meta":{"footnotes":""},"categories":[6,28],"tags":[],"class_list":["post-7972","post","type-post","status-publish","format-standard","has-post-thumbnail","hentry","category-news","category-latest-news"],"_links":{"self":[{"href":"https:\/\/www.obispadorqta.org.ar\/v3\/wp-json\/wp\/v2\/posts\/7972","targetHints":{"allow":["GET"]}}],"collection":[{"href":"https:\/\/www.obispadorqta.org.ar\/v3\/wp-json\/wp\/v2\/posts"}],"about":[{"href":"https:\/\/www.obispadorqta.org.ar\/v3\/wp-json\/wp\/v2\/types\/post"}],"author":[{"embeddable":true,"href":"https:\/\/www.obispadorqta.org.ar\/v3\/wp-json\/wp\/v2\/users\/3"}],"replies":[{"embeddable":true,"href":"https:\/\/www.obispadorqta.org.ar\/v3\/wp-json\/wp\/v2\/comments?post=7972"}],"version-history":[{"count":7,"href":"https:\/\/www.obispadorqta.org.ar\/v3\/wp-json\/wp\/v2\/posts\/7972\/revisions"}],"predecessor-version":[{"id":7986,"href":"https:\/\/www.obispadorqta.org.ar\/v3\/wp-json\/wp\/v2\/posts\/7972\/revisions\/7986"}],"wp:featuredmedia":[{"embeddable":true,"href":"https:\/\/www.obispadorqta.org.ar\/v3\/wp-json\/wp\/v2\/media\/7984"}],"wp:attachment":[{"href":"https:\/\/www.obispadorqta.org.ar\/v3\/wp-json\/wp\/v2\/media?parent=7972"}],"wp:term":[{"taxonomy":"category","embeddable":true,"href":"https:\/\/www.obispadorqta.org.ar\/v3\/wp-json\/wp\/v2\/categories?post=7972"},{"taxonomy":"post_tag","embeddable":true,"href":"https:\/\/www.obispadorqta.org.ar\/v3\/wp-json\/wp\/v2\/tags?post=7972"}],"curies":[{"name":"wp","href":"https:\/\/api.w.org\/{rel}","templated":true}]}}