{"id":7990,"date":"2022-09-02T12:39:35","date_gmt":"2022-09-02T15:39:35","guid":{"rendered":"http:\/\/www.obispadorqta.org.ar\/v3\/?p=7990"},"modified":"2022-09-02T12:41:11","modified_gmt":"2022-09-02T15:41:11","slug":"comunicado-inter-religioso","status":"publish","type":"post","link":"https:\/\/www.obispadorqta.org.ar\/v3\/comunicado-inter-religioso\/","title":{"rendered":"Comunicado Inter-Religioso"},"content":{"rendered":"<p>El Obispado de Reconquista se adhiere al mensaje que el Centro Isl\u00e1mico de la Rep\u00fablica Argentina, el Instituto de Di\u00e1logo Inter-Religioso, la Delegaci\u00f3n de Asociaciones Israelitas Argentinas y la Conferencia Episcopal Argentina comparten ante el momento que se vive en nuestra Patria.<br \/><br \/><\/p>\n\n\n<figure class=\"wp-block-gallery columns-1 is-cropped wp-block-gallery-1 is-layout-flex wp-block-gallery-is-layout-flex\"><ul class=\"blocks-gallery-grid\"><li class=\"blocks-gallery-item\"><figure><img loading=\"lazy\" decoding=\"async\" width=\"934\" height=\"1024\" src=\"https:\/\/www.obispadorqta.org.ar\/v3\/wp-content\/uploads\/2022\/09\/Ante-atentado-a-CFK.-1-934x1024.jpg\" alt=\"\" data-id=\"7998\" data-full-url=\"https:\/\/www.obispadorqta.org.ar\/v3\/wp-content\/uploads\/2022\/09\/Ante-atentado-a-CFK.-1.jpg\" data-link=\"https:\/\/www.obispadorqta.org.ar\/v3\/?attachment_id=7998\" class=\"wp-image-7998\" srcset=\"https:\/\/www.obispadorqta.org.ar\/v3\/wp-content\/uploads\/2022\/09\/Ante-atentado-a-CFK.-1-934x1024.jpg 934w, https:\/\/www.obispadorqta.org.ar\/v3\/wp-content\/uploads\/2022\/09\/Ante-atentado-a-CFK.-1-274x300.jpg 274w, https:\/\/www.obispadorqta.org.ar\/v3\/wp-content\/uploads\/2022\/09\/Ante-atentado-a-CFK.-1-768x842.jpg 768w, https:\/\/www.obispadorqta.org.ar\/v3\/wp-content\/uploads\/2022\/09\/Ante-atentado-a-CFK.-1.jpg 1201w\" sizes=\"auto, (max-width: 934px) 100vw, 934px\" \/><\/figure><\/li><\/ul><\/figure>\n","protected":false},"excerpt":{"rendered":"<div class=\"mh-excerpt\"><p>El Obispado de Reconquista se adhiere al mensaje que el Centro Isl\u00e1mico de la Rep\u00fablica Argentina, el Instituto de Di\u00e1logo Inter-Religioso, la Delegaci\u00f3n de Asociaciones <a class=\"mh-excerpt-more\" href=\"https:\/\/www.obispadorqta.org.ar\/v3\/comunicado-inter-religioso\/\" title=\"Comunicado Inter-Religioso\">[&#8230;]<\/a><\/p>\n<\/div>","protected":false},"author":3,"featured_media":7994,"comment_status":"closed","ping_status":"open","sticky":false,"template":"","format":"standard","meta":{"footnotes":""},"categories":[6,28],"tags":[],"class_list":["post-7990","post","type-post","status-publish","format-standard","has-post-thumbnail","hentry","category-news","category-latest-news"],"_links":{"self":[{"href":"https:\/\/www.obispadorqta.org.ar\/v3\/wp-json\/wp\/v2\/posts\/7990","targetHints":{"allow":["GET"]}}],"collection":[{"href":"https:\/\/www.obispadorqta.org.ar\/v3\/wp-json\/wp\/v2\/posts"}],"about":[{"href":"https:\/\/www.obispadorqta.org.ar\/v3\/wp-json\/wp\/v2\/types\/post"}],"author":[{"embeddable":true,"href":"https:\/\/www.obispadorqta.org.ar\/v3\/wp-json\/wp\/v2\/users\/3"}],"replies":[{"embeddable":true,"href":"https:\/\/www.obispadorqta.org.ar\/v3\/wp-json\/wp\/v2\/comments?post=7990"}],"version-history":[{"count":3,"href":"https:\/\/www.obispadorqta.org.ar\/v3\/wp-json\/wp\/v2\/posts\/7990\/revisions"}],"predecessor-version":[{"id":7999,"href":"https:\/\/www.obispadorqta.org.ar\/v3\/wp-json\/wp\/v2\/posts\/7990\/revisions\/7999"}],"wp:featuredmedia":[{"embeddable":true,"href":"https:\/\/www.obispadorqta.org.ar\/v3\/wp-json\/wp\/v2\/media\/7994"}],"wp:attachment":[{"href":"https:\/\/www.obispadorqta.org.ar\/v3\/wp-json\/wp\/v2\/media?parent=7990"}],"wp:term":[{"taxonomy":"category","embeddable":true,"href":"https:\/\/www.obispadorqta.org.ar\/v3\/wp-json\/wp\/v2\/categories?post=7990"},{"taxonomy":"post_tag","embeddable":true,"href":"https:\/\/www.obispadorqta.org.ar\/v3\/wp-json\/wp\/v2\/tags?post=7990"}],"curies":[{"name":"wp","href":"https:\/\/api.w.org\/{rel}","templated":true}]}}