{"id":8002,"date":"2022-09-06T18:29:41","date_gmt":"2022-09-06T21:29:41","guid":{"rendered":"http:\/\/www.obispadorqta.org.ar\/v3\/?p=8002"},"modified":"2022-09-07T07:55:05","modified_gmt":"2022-09-07T10:55:05","slug":"primer-aniversario-de-la-pascua-del-padre-nestor-vera","status":"publish","type":"post","link":"https:\/\/www.obispadorqta.org.ar\/v3\/primer-aniversario-de-la-pascua-del-padre-nestor-vera\/","title":{"rendered":"PRIMER ANIVERSARIO DE LA PASCUA DEL PADRE N\u00c9STOR VERA"},"content":{"rendered":"<p style=\"text-align: justify;\"><span style=\"color: #000000;\">Este 11 de septiembre de 2022, al cumplirse el primer aniversario del fallecimiento del presb\u00edtero N\u00e9stor Ren\u00e9 Vera, el Obispado de Reconquista y la Asociaci\u00f3n Civil \u201cEl Buen Samaritano\u201d invitan a recordarlo a trav\u00e9s de algunos eventos:<\/span><\/p>\n<p style=\"text-align: justify;\"><strong><span style=\"color: #000000;\">S\u00e1bado 10 de septiembre <\/span><\/strong><br \/>\n<span style=\"color: #000000;\">17 hs. Oraci\u00f3n en el Cementerio de Avellaneda, donde descansan sus restos.<\/span><br \/>\n<span style=\"color: #000000;\">18 hs. Visita del Obispo con algunos allegados a la Escuela de El Timb\u00f3.<\/span><br \/>\n<span style=\"color: #000000;\">18,30 hs. Misa por su eterno descanso en la capilla San Cayetano de El Timb\u00f3.<\/span><\/p>\n<p style=\"text-align: justify;\"><strong><span style=\"color: #000000;\">Domingo 11 de septiembre <\/span><\/strong><br \/>\n<span style=\"color: #000000;\">9 a 11 hs. M\u00fasica, testimonios y oraci\u00f3n en Malabrigo.<\/span><br \/>\n<span style=\"color: #000000;\">11 hs. Misa por su eterno descanso, en la Casa \u201cEl Buen Samaritano\u201d de Malabrigo.<\/span><img loading=\"lazy\" decoding=\"async\" class=\"aligncenter  wp-image-8003\" src=\"https:\/\/www.obispadorqta.org.ar\/v3\/wp-content\/uploads\/2022\/09\/Padre-nestor.jpg\" alt=\"\" width=\"261\" height=\"463\" srcset=\"https:\/\/www.obispadorqta.org.ar\/v3\/wp-content\/uploads\/2022\/09\/Padre-nestor.jpg 720w, https:\/\/www.obispadorqta.org.ar\/v3\/wp-content\/uploads\/2022\/09\/Padre-nestor-169x300.jpg 169w, https:\/\/www.obispadorqta.org.ar\/v3\/wp-content\/uploads\/2022\/09\/Padre-nestor-576x1024.jpg 576w\" sizes=\"auto, (max-width: 261px) 100vw, 261px\" \/><\/p>\n<hr \/>\n<p style=\"text-align: center;\"><strong><span style=\"color: #000000;\">SEMBLANZA<\/span><\/strong><\/p>\n<p style=\"text-align: justify;\">El Padre N\u00e9stor Ren\u00e9 Vera naci\u00f3 el 9 de abril de 1959 en El Timb\u00f3, Avellaneda.<\/p>\n<p style=\"text-align: justify;\">Se form\u00f3 en Buenos Aires, en el Colegio \u201clos Doce Ap\u00f3stoles\u201d y estudi\u00f3 filosof\u00eda y teolog\u00eda en la Facultad de Teolog\u00eda de la UCA. Ordenado Sacerdote el 30 de abril de 1989, dec\u00eda: \u201c<em>Fui y soy muy feliz como sacerdote\u2026 cuando me orden\u00e9 sacerdote no ve\u00eda la hora de celebrar la primera misa, confesar a la primera persona\u2026\u201d<\/em> (Padre N\u00e9stor Vera, entrevista programa de TV \u201cLa otra mirada\u201d).<\/p>\n<p style=\"text-align: justify;\">Fue p\u00e1rroco de las parroquias Nuestra Se\u00f1ora del Huerto, Malabrigo; San Luis Gonzaga, Calchaqu\u00ed; La Encarnaci\u00f3n del Se\u00f1or, con sede en la Sarita; Vicario de las Parroquias Inmaculada Concepci\u00f3n \u2013 Catedral de Reconquista; San Juan Bautista, Vera; Nuestra Se\u00f1ora de La Merced, Avellaneda.<\/p>\n<p style=\"text-align: justify;\">Desde el a\u00f1o 1998 acompa\u00f1\u00f3 la obra El Buen Samaritano, obra que \u00e9l mismo fund\u00f3 y que hoy d\u00eda contin\u00faa recibiendo y acompa\u00f1ando j\u00f3venes con problemas de adicciones.<\/p>\n<p style=\"text-align: justify;\">El Padre N\u00e9stor fue un hombre de Dios, de silencio, oraci\u00f3n y de vida entregada.<\/p>\n<p style=\"text-align: justify;\">Despu\u00e9s de atravesar un tiempo de enfermedad, el 11 de septiembre de 2021, parti\u00f3 a la Casa Celestial del Buen Samaritano, dej\u00e1ndonos un testimonio de vida cristiana y sacerdotal que reflejan el amor misericordioso del Padre entre los pobres y heridos de este mundo.<\/p>\n","protected":false},"excerpt":{"rendered":"<div class=\"mh-excerpt\"><p>Este 11 de septiembre de 2022, al cumplirse el primer aniversario del fallecimiento del presb\u00edtero N\u00e9stor Ren\u00e9 Vera, el Obispado de Reconquista y la Asociaci\u00f3n <a class=\"mh-excerpt-more\" href=\"https:\/\/www.obispadorqta.org.ar\/v3\/primer-aniversario-de-la-pascua-del-padre-nestor-vera\/\" title=\"PRIMER ANIVERSARIO DE LA PASCUA DEL PADRE N\u00c9STOR VERA\">[&#8230;]<\/a><\/p>\n<\/div>","protected":false},"author":3,"featured_media":8006,"comment_status":"closed","ping_status":"open","sticky":false,"template":"","format":"standard","meta":{"footnotes":""},"categories":[6,28],"tags":[],"class_list":["post-8002","post","type-post","status-publish","format-standard","has-post-thumbnail","hentry","category-news","category-latest-news"],"_links":{"self":[{"href":"https:\/\/www.obispadorqta.org.ar\/v3\/wp-json\/wp\/v2\/posts\/8002","targetHints":{"allow":["GET"]}}],"collection":[{"href":"https:\/\/www.obispadorqta.org.ar\/v3\/wp-json\/wp\/v2\/posts"}],"about":[{"href":"https:\/\/www.obispadorqta.org.ar\/v3\/wp-json\/wp\/v2\/types\/post"}],"author":[{"embeddable":true,"href":"https:\/\/www.obispadorqta.org.ar\/v3\/wp-json\/wp\/v2\/users\/3"}],"replies":[{"embeddable":true,"href":"https:\/\/www.obispadorqta.org.ar\/v3\/wp-json\/wp\/v2\/comments?post=8002"}],"version-history":[{"count":6,"href":"https:\/\/www.obispadorqta.org.ar\/v3\/wp-json\/wp\/v2\/posts\/8002\/revisions"}],"predecessor-version":[{"id":8026,"href":"https:\/\/www.obispadorqta.org.ar\/v3\/wp-json\/wp\/v2\/posts\/8002\/revisions\/8026"}],"wp:featuredmedia":[{"embeddable":true,"href":"https:\/\/www.obispadorqta.org.ar\/v3\/wp-json\/wp\/v2\/media\/8006"}],"wp:attachment":[{"href":"https:\/\/www.obispadorqta.org.ar\/v3\/wp-json\/wp\/v2\/media?parent=8002"}],"wp:term":[{"taxonomy":"category","embeddable":true,"href":"https:\/\/www.obispadorqta.org.ar\/v3\/wp-json\/wp\/v2\/categories?post=8002"},{"taxonomy":"post_tag","embeddable":true,"href":"https:\/\/www.obispadorqta.org.ar\/v3\/wp-json\/wp\/v2\/tags?post=8002"}],"curies":[{"name":"wp","href":"https:\/\/api.w.org\/{rel}","templated":true}]}}