{"id":8010,"date":"2022-09-06T18:11:53","date_gmt":"2022-09-06T21:11:53","guid":{"rendered":"http:\/\/www.obispadorqta.org.ar\/v3\/?p=8010"},"modified":"2022-09-07T07:54:05","modified_gmt":"2022-09-07T10:54:05","slug":"congreso-provincial-de-educacion-de-gestion-privada","status":"publish","type":"post","link":"https:\/\/www.obispadorqta.org.ar\/v3\/congreso-provincial-de-educacion-de-gestion-privada\/","title":{"rendered":"Congreso Provincial de Educaci\u00f3n de Gesti\u00f3n Privada"},"content":{"rendered":"<p style=\"text-align: justify;\">Por iniciativa de las Arquidi\u00f3cesis y Di\u00f3cesis que se encuentran en la provincia de Santa Fe (Arquidi\u00f3cesis de Santa Fe de la Vera Cruz y Rosario, Di\u00f3cesis de Venado Tuerto, Rafaela y Reconquista), y el Consejo Provincial de Educaci\u00f3n Cat\u00f3lica (CONPRODEC), el d\u00eda 23 de septiembre del corriente a\u00f1o, se llevar\u00e1 a cabo un Congreso Provincial de Educaci\u00f3n de Gesti\u00f3n Privada, donde se propone un espacio de \u00abreflexi\u00f3n y debates sobre los desaf\u00edos de la educaci\u00f3n en la provincia de Santa Fe\u00bb.<\/p>\n\n\n<figure class=\"wp-block-video\"><video height=\"1920\" style=\"aspect-ratio: 1080 \/ 1920;\" width=\"1080\" controls src=\"https:\/\/www.obispadorqta.org.ar\/v3\/wp-content\/uploads\/2022\/09\/VID-20220901-WA0007.mp4\"><\/video><\/figure>\n\n\n<p style=\"text-align: justify;\">El mismo tendr\u00e1 lugar en la \u00abSala Garay\u00bb del Colegio \u00abInmaculada Concepci\u00f3n\u00bb de la ciudad de Santa Fe, ubicada en calle San Mart\u00edn 1540, de 9:00 a 17:00 horas.&nbsp;<\/p>\n\n\n<figure class=\"wp-block-video\"><video height=\"720\" style=\"aspect-ratio: 1280 \/ 720;\" width=\"1280\" controls src=\"https:\/\/www.obispadorqta.org.ar\/v3\/wp-content\/uploads\/2022\/09\/VID-20220901-WA0008.webm\"><\/video><\/figure>\n\n\n\n<div class=\"wp-block-image\"><figure class=\"aligncenter size-large\"><img loading=\"lazy\" decoding=\"async\" width=\"576\" height=\"1024\" src=\"https:\/\/www.obispadorqta.org.ar\/v3\/wp-content\/uploads\/2022\/09\/IMG-20220901-WA0005-1-576x1024.jpg\" alt=\"\" class=\"wp-image-8018\" srcset=\"https:\/\/www.obispadorqta.org.ar\/v3\/wp-content\/uploads\/2022\/09\/IMG-20220901-WA0005-1-576x1024.jpg 576w, https:\/\/www.obispadorqta.org.ar\/v3\/wp-content\/uploads\/2022\/09\/IMG-20220901-WA0005-1-169x300.jpg 169w, https:\/\/www.obispadorqta.org.ar\/v3\/wp-content\/uploads\/2022\/09\/IMG-20220901-WA0005-1.jpg 720w\" sizes=\"auto, (max-width: 576px) 100vw, 576px\" \/><\/figure><\/div>\n","protected":false},"excerpt":{"rendered":"<div class=\"mh-excerpt\"><p>Por iniciativa de las Arquidi\u00f3cesis y Di\u00f3cesis que se encuentran en la provincia de Santa Fe (Arquidi\u00f3cesis de Santa Fe de la Vera Cruz y <a class=\"mh-excerpt-more\" href=\"https:\/\/www.obispadorqta.org.ar\/v3\/congreso-provincial-de-educacion-de-gestion-privada\/\" title=\"Congreso Provincial de Educaci\u00f3n de Gesti\u00f3n Privada\">[&#8230;]<\/a><\/p>\n<\/div>","protected":false},"author":2,"featured_media":8016,"comment_status":"closed","ping_status":"open","sticky":false,"template":"","format":"standard","meta":{"footnotes":""},"categories":[6,28],"tags":[],"class_list":["post-8010","post","type-post","status-publish","format-standard","has-post-thumbnail","hentry","category-news","category-latest-news"],"_links":{"self":[{"href":"https:\/\/www.obispadorqta.org.ar\/v3\/wp-json\/wp\/v2\/posts\/8010","targetHints":{"allow":["GET"]}}],"collection":[{"href":"https:\/\/www.obispadorqta.org.ar\/v3\/wp-json\/wp\/v2\/posts"}],"about":[{"href":"https:\/\/www.obispadorqta.org.ar\/v3\/wp-json\/wp\/v2\/types\/post"}],"author":[{"embeddable":true,"href":"https:\/\/www.obispadorqta.org.ar\/v3\/wp-json\/wp\/v2\/users\/2"}],"replies":[{"embeddable":true,"href":"https:\/\/www.obispadorqta.org.ar\/v3\/wp-json\/wp\/v2\/comments?post=8010"}],"version-history":[{"count":6,"href":"https:\/\/www.obispadorqta.org.ar\/v3\/wp-json\/wp\/v2\/posts\/8010\/revisions"}],"predecessor-version":[{"id":8025,"href":"https:\/\/www.obispadorqta.org.ar\/v3\/wp-json\/wp\/v2\/posts\/8010\/revisions\/8025"}],"wp:featuredmedia":[{"embeddable":true,"href":"https:\/\/www.obispadorqta.org.ar\/v3\/wp-json\/wp\/v2\/media\/8016"}],"wp:attachment":[{"href":"https:\/\/www.obispadorqta.org.ar\/v3\/wp-json\/wp\/v2\/media?parent=8010"}],"wp:term":[{"taxonomy":"category","embeddable":true,"href":"https:\/\/www.obispadorqta.org.ar\/v3\/wp-json\/wp\/v2\/categories?post=8010"},{"taxonomy":"post_tag","embeddable":true,"href":"https:\/\/www.obispadorqta.org.ar\/v3\/wp-json\/wp\/v2\/tags?post=8010"}],"curies":[{"name":"wp","href":"https:\/\/api.w.org\/{rel}","templated":true}]}}