{"id":8027,"date":"2022-09-08T14:01:40","date_gmt":"2022-09-08T17:01:40","guid":{"rendered":"http:\/\/www.obispadorqta.org.ar\/v3\/?p=8027"},"modified":"2022-09-08T14:01:49","modified_gmt":"2022-09-08T17:01:49","slug":"celebracion-de-la-santa-misa-en-villa-cura-brochero","status":"publish","type":"post","link":"https:\/\/www.obispadorqta.org.ar\/v3\/celebracion-de-la-santa-misa-en-villa-cura-brochero\/","title":{"rendered":"Celebraci\u00f3n de la Santa Misa en Villa Cura Brochero"},"content":{"rendered":"<p style=\"text-align: justify;\">En el marco de la semana de formaci\u00f3n que se encuentran realizando gran parte del Clero de la Di\u00f3cesis de Reconquista, junto al obispo diocesano, Mons. Dr. \u00c1ngel Jos\u00e9 Mac\u00edn, celebraron la Santa Misa en el Santuario Virgen del Tr\u00e1nsito y Santo Cura Brochero, en la provincia de C\u00f3rdoba.<\/p>\n<p style=\"text-align: justify;\">El obispo y nuestros sacerdotes peregrinaron al Santuario Virgen del Tr\u00e1nsito y Santo Cura Brochero <strong>para rezar por la di\u00f3cesis y por la unidad del pueblo Argentino.<\/strong><\/p>\n<p style=\"text-align: justify;\">Recordamos que este encuentro de formaci\u00f3n permanente comenz\u00f3 el d\u00eda 05 de septiembre y concluye el 09 del corriente mes, y cuenta con la presencia de la mayor\u00eda de los sacerdotes de nuestra di\u00f3cesis, a excepci\u00f3n de aquellos que no pudieron concurrir por diferentes razones.<\/p>\n<p style=\"text-align: justify;\">Nos unimos a las oraciones de nuestros pastores de la Iglesia Diocesana de Reconquista, y pedimos la intercesi\u00f3n del Santo Cura Brochero por las intenciones de todo el Pueblo de Dios.<\/p>\n","protected":false},"excerpt":{"rendered":"<div class=\"mh-excerpt\"><p>En el marco de la semana de formaci\u00f3n que se encuentran realizando gran parte del Clero de la Di\u00f3cesis de Reconquista, junto al obispo diocesano, <a class=\"mh-excerpt-more\" href=\"https:\/\/www.obispadorqta.org.ar\/v3\/celebracion-de-la-santa-misa-en-villa-cura-brochero\/\" title=\"Celebraci\u00f3n de la Santa Misa en Villa Cura Brochero\">[&#8230;]<\/a><\/p>\n<\/div>","protected":false},"author":2,"featured_media":8028,"comment_status":"closed","ping_status":"open","sticky":false,"template":"","format":"standard","meta":{"footnotes":""},"categories":[6,28],"tags":[],"class_list":["post-8027","post","type-post","status-publish","format-standard","has-post-thumbnail","hentry","category-news","category-latest-news"],"_links":{"self":[{"href":"https:\/\/www.obispadorqta.org.ar\/v3\/wp-json\/wp\/v2\/posts\/8027","targetHints":{"allow":["GET"]}}],"collection":[{"href":"https:\/\/www.obispadorqta.org.ar\/v3\/wp-json\/wp\/v2\/posts"}],"about":[{"href":"https:\/\/www.obispadorqta.org.ar\/v3\/wp-json\/wp\/v2\/types\/post"}],"author":[{"embeddable":true,"href":"https:\/\/www.obispadorqta.org.ar\/v3\/wp-json\/wp\/v2\/users\/2"}],"replies":[{"embeddable":true,"href":"https:\/\/www.obispadorqta.org.ar\/v3\/wp-json\/wp\/v2\/comments?post=8027"}],"version-history":[{"count":1,"href":"https:\/\/www.obispadorqta.org.ar\/v3\/wp-json\/wp\/v2\/posts\/8027\/revisions"}],"predecessor-version":[{"id":8029,"href":"https:\/\/www.obispadorqta.org.ar\/v3\/wp-json\/wp\/v2\/posts\/8027\/revisions\/8029"}],"wp:featuredmedia":[{"embeddable":true,"href":"https:\/\/www.obispadorqta.org.ar\/v3\/wp-json\/wp\/v2\/media\/8028"}],"wp:attachment":[{"href":"https:\/\/www.obispadorqta.org.ar\/v3\/wp-json\/wp\/v2\/media?parent=8027"}],"wp:term":[{"taxonomy":"category","embeddable":true,"href":"https:\/\/www.obispadorqta.org.ar\/v3\/wp-json\/wp\/v2\/categories?post=8027"},{"taxonomy":"post_tag","embeddable":true,"href":"https:\/\/www.obispadorqta.org.ar\/v3\/wp-json\/wp\/v2\/tags?post=8027"}],"curies":[{"name":"wp","href":"https:\/\/api.w.org\/{rel}","templated":true}]}}