{"id":8030,"date":"2022-09-08T15:53:21","date_gmt":"2022-09-08T18:53:21","guid":{"rendered":"http:\/\/www.obispadorqta.org.ar\/v3\/?p=8030"},"modified":"2022-09-08T15:53:32","modified_gmt":"2022-09-08T18:53:32","slug":"dia-de-la-vida-consagrada-4","status":"publish","type":"post","link":"https:\/\/www.obispadorqta.org.ar\/v3\/dia-de-la-vida-consagrada-4\/","title":{"rendered":"D\u00eda de la Vida Consagrada"},"content":{"rendered":"<p style=\"text-align: justify;\">En el d\u00eda de la fecha, fiesta de la Natividad de la Sant\u00edsima Virgen Mar\u00eda, la Iglesia en la Argentina celebra la Jornada Nacional de la Vida Consagrada, un d\u00eda donde somos invitados a la gratitud y a la oraci\u00f3n por todos aquellos cristianos que han sido llamados a una vida de especial consagraci\u00f3n.<\/p>\n<p style=\"text-align: justify;\">Los consagrados son testimonio vivo de que el encuentro con Dios es posible en todo lugar y \u00e9poca, de que su amor llega a todo rinc\u00f3n de la tierra y del coraz\u00f3n humano, a las periferias geogr\u00e1ficas y existenciales. La vida consagrada es la respuesta del encuentro personal con Dios, que se hace env\u00edo y anuncio.<\/p>\n<p style=\"text-align: justify;\">En esta Jornada Nacional de la Vida Consagrada damos gracias a Dios por todas las personas de especial consagraci\u00f3n, que desde las diversas vocaciones y formas de vida y servicio son presencia elocuente del amor de Dios en el mundo.<\/p>\n<p style=\"text-align: justify;\">Que sea un d\u00eda provechoso, especialmente en la oraci\u00f3n y acompa\u00f1amiento a los religiosos o religiosas de nuestra di\u00f3cesis que siguen respondiendo al deseo del Se\u00f1or.<\/p>\n","protected":false},"excerpt":{"rendered":"<div class=\"mh-excerpt\"><p>En el d\u00eda de la fecha, fiesta de la Natividad de la Sant\u00edsima Virgen Mar\u00eda, la Iglesia en la Argentina celebra la Jornada Nacional de <a class=\"mh-excerpt-more\" href=\"https:\/\/www.obispadorqta.org.ar\/v3\/dia-de-la-vida-consagrada-4\/\" title=\"D\u00eda de la Vida Consagrada\">[&#8230;]<\/a><\/p>\n<\/div>","protected":false},"author":2,"featured_media":8031,"comment_status":"closed","ping_status":"open","sticky":false,"template":"","format":"standard","meta":{"footnotes":""},"categories":[6,28],"tags":[],"class_list":["post-8030","post","type-post","status-publish","format-standard","has-post-thumbnail","hentry","category-news","category-latest-news"],"_links":{"self":[{"href":"https:\/\/www.obispadorqta.org.ar\/v3\/wp-json\/wp\/v2\/posts\/8030","targetHints":{"allow":["GET"]}}],"collection":[{"href":"https:\/\/www.obispadorqta.org.ar\/v3\/wp-json\/wp\/v2\/posts"}],"about":[{"href":"https:\/\/www.obispadorqta.org.ar\/v3\/wp-json\/wp\/v2\/types\/post"}],"author":[{"embeddable":true,"href":"https:\/\/www.obispadorqta.org.ar\/v3\/wp-json\/wp\/v2\/users\/2"}],"replies":[{"embeddable":true,"href":"https:\/\/www.obispadorqta.org.ar\/v3\/wp-json\/wp\/v2\/comments?post=8030"}],"version-history":[{"count":3,"href":"https:\/\/www.obispadorqta.org.ar\/v3\/wp-json\/wp\/v2\/posts\/8030\/revisions"}],"predecessor-version":[{"id":8034,"href":"https:\/\/www.obispadorqta.org.ar\/v3\/wp-json\/wp\/v2\/posts\/8030\/revisions\/8034"}],"wp:featuredmedia":[{"embeddable":true,"href":"https:\/\/www.obispadorqta.org.ar\/v3\/wp-json\/wp\/v2\/media\/8031"}],"wp:attachment":[{"href":"https:\/\/www.obispadorqta.org.ar\/v3\/wp-json\/wp\/v2\/media?parent=8030"}],"wp:term":[{"taxonomy":"category","embeddable":true,"href":"https:\/\/www.obispadorqta.org.ar\/v3\/wp-json\/wp\/v2\/categories?post=8030"},{"taxonomy":"post_tag","embeddable":true,"href":"https:\/\/www.obispadorqta.org.ar\/v3\/wp-json\/wp\/v2\/tags?post=8030"}],"curies":[{"name":"wp","href":"https:\/\/api.w.org\/{rel}","templated":true}]}}