{"id":8037,"date":"2022-09-14T10:32:09","date_gmt":"2022-09-14T13:32:09","guid":{"rendered":"http:\/\/www.obispadorqta.org.ar\/v3\/?p=8037"},"modified":"2022-09-14T11:30:22","modified_gmt":"2022-09-14T14:30:22","slug":"43-peregrinacion-juvenil-del-nea-a-itati","status":"publish","type":"post","link":"https:\/\/www.obispadorqta.org.ar\/v3\/43-peregrinacion-juvenil-del-nea-a-itati\/","title":{"rendered":"43\u00b0 Peregrinaci\u00f3n Juvenil del NEA a Itati"},"content":{"rendered":"<p style=\"text-align: justify;\"><span style=\"color: #000000;\"><em><strong>\u201cCon Mar\u00eda, caminemos hacia la misericordia del Padre\u201d<\/strong><\/em> ser\u00e1 el lema de la 43\u00aa Peregrinaci\u00f3n Juvenil del NEA a la bas\u00edlica de Itat\u00ed que se realizar\u00e1 este fin de semana, 17 y 18 de septiembre, este a\u00f1o de manera presencial tras dos a\u00f1os de interrupci\u00f3n a causa de la pandemia por el coronavirus. Se espera sea multitudinaria, con la participaci\u00f3n de j\u00f3venes de las arquidi\u00f3cesis de Corrientes y Resistencia, y las di\u00f3cesis de Formosa, Goya, Ober\u00e1, Posadas, Puerto Iguaz\u00fa, Reconquista, San Roque de Presidencia Roque S\u00e1enz Pe\u00f1a y Santo Tom\u00e9.<\/span><\/p>\n<p style=\"text-align: justify;\"><span style=\"color: #000000;\">Como todo los a\u00f1os, el d\u00eda s\u00e1bado, la di\u00f3cesis de Reconquista, iniciar\u00e1 oficialmente la caminata a las 12:00, luego de la bendici\u00f3n. Este a\u00f1o el punto de partida de largada es en Ruta Nacional N\u00b0 12 Km. 1036, (acceso a la localidad de Santa Ana). La misa que anima nuestra di\u00f3cesis es a las 00.00 del domingo.<\/span><\/p>\n<p style=\"text-align: justify;\"><span style=\"color: #000000;\">En tanto, los peregrinos de las dem\u00e1s di\u00f3cesis saldr\u00e1n de acuerdo con el esquema de horarios que se le han designados.<img loading=\"lazy\" decoding=\"async\" class=\"aligncenter  wp-image-8039\" src=\"https:\/\/www.obispadorqta.org.ar\/v3\/wp-content\/uploads\/2022\/09\/302436983_614574103674101_785353353119203746_n.jpg\" alt=\"\" width=\"398\" height=\"563\" srcset=\"https:\/\/www.obispadorqta.org.ar\/v3\/wp-content\/uploads\/2022\/09\/302436983_614574103674101_785353353119203746_n.jpg 679w, https:\/\/www.obispadorqta.org.ar\/v3\/wp-content\/uploads\/2022\/09\/302436983_614574103674101_785353353119203746_n-212x300.jpg 212w\" sizes=\"auto, (max-width: 398px) 100vw, 398px\" \/><\/span><\/p>\n<p style=\"text-align: justify;\"><span style=\"color: #000000;\">Los integrantes de la Pastoral Juvenil de la regi\u00f3n, elaboraron un material de preparaci\u00f3n espiritual, pensado para los grupos parroquiales, movimientos e instituciones que participar\u00e1n de esta peregrinaci\u00f3n y con el cual prepararon el coraz\u00f3n y as\u00ed predisponerse para vivir la caminata como un verdadero acontecimiento de gracia, de encuentro con Jes\u00fas y con la Tierna Madre de Itat\u00ed.<\/span><\/p>\n<p style=\"text-align: justify;\"><span style=\"color: #000000;\">El domingo, a las 9:00 se celebrar\u00e1 la misa central frente a la bas\u00edlica. En la misma se difundir\u00e1 el tradicional manifiesto de los j\u00f3venes, en el que expresan no s\u00f3lo su mirada de la realidad, sino tambi\u00e9n sus necesidades, angustias y esperanzas; y en el que asumen compromisos para ser ciudadanos protagonistas de la vida de sus comunidades.<\/span><\/p>\n<p style=\"text-align: justify;\"><span style=\"color: #000000;\">Antes de culminar la misa, como es ya tradicional, se entregar\u00e1 a una di\u00f3cesis la imagen peregrina de la Virgen de Itat\u00ed, que cada a\u00f1o visita una de las diez di\u00f3cesis de la regi\u00f3n.<\/span><\/p>\n","protected":false},"excerpt":{"rendered":"<div class=\"mh-excerpt\"><p>\u201cCon Mar\u00eda, caminemos hacia la misericordia del Padre\u201d ser\u00e1 el lema de la 43\u00aa Peregrinaci\u00f3n Juvenil del NEA a la bas\u00edlica de Itat\u00ed que se <a class=\"mh-excerpt-more\" href=\"https:\/\/www.obispadorqta.org.ar\/v3\/43-peregrinacion-juvenil-del-nea-a-itati\/\" title=\"43\u00b0 Peregrinaci\u00f3n Juvenil del NEA a Itati\">[&#8230;]<\/a><\/p>\n<\/div>","protected":false},"author":3,"featured_media":8042,"comment_status":"closed","ping_status":"open","sticky":false,"template":"","format":"standard","meta":{"footnotes":""},"categories":[6,28],"tags":[],"class_list":["post-8037","post","type-post","status-publish","format-standard","has-post-thumbnail","hentry","category-news","category-latest-news"],"_links":{"self":[{"href":"https:\/\/www.obispadorqta.org.ar\/v3\/wp-json\/wp\/v2\/posts\/8037","targetHints":{"allow":["GET"]}}],"collection":[{"href":"https:\/\/www.obispadorqta.org.ar\/v3\/wp-json\/wp\/v2\/posts"}],"about":[{"href":"https:\/\/www.obispadorqta.org.ar\/v3\/wp-json\/wp\/v2\/types\/post"}],"author":[{"embeddable":true,"href":"https:\/\/www.obispadorqta.org.ar\/v3\/wp-json\/wp\/v2\/users\/3"}],"replies":[{"embeddable":true,"href":"https:\/\/www.obispadorqta.org.ar\/v3\/wp-json\/wp\/v2\/comments?post=8037"}],"version-history":[{"count":2,"href":"https:\/\/www.obispadorqta.org.ar\/v3\/wp-json\/wp\/v2\/posts\/8037\/revisions"}],"predecessor-version":[{"id":8043,"href":"https:\/\/www.obispadorqta.org.ar\/v3\/wp-json\/wp\/v2\/posts\/8037\/revisions\/8043"}],"wp:featuredmedia":[{"embeddable":true,"href":"https:\/\/www.obispadorqta.org.ar\/v3\/wp-json\/wp\/v2\/media\/8042"}],"wp:attachment":[{"href":"https:\/\/www.obispadorqta.org.ar\/v3\/wp-json\/wp\/v2\/media?parent=8037"}],"wp:term":[{"taxonomy":"category","embeddable":true,"href":"https:\/\/www.obispadorqta.org.ar\/v3\/wp-json\/wp\/v2\/categories?post=8037"},{"taxonomy":"post_tag","embeddable":true,"href":"https:\/\/www.obispadorqta.org.ar\/v3\/wp-json\/wp\/v2\/tags?post=8037"}],"curies":[{"name":"wp","href":"https:\/\/api.w.org\/{rel}","templated":true}]}}