{"id":8044,"date":"2022-09-14T18:38:27","date_gmt":"2022-09-14T21:38:27","guid":{"rendered":"http:\/\/www.obispadorqta.org.ar\/v3\/?p=8044"},"modified":"2022-09-16T12:02:03","modified_gmt":"2022-09-16T15:02:03","slug":"congreso-provincial-de-educacion-de-gestion-privada-2","status":"publish","type":"post","link":"https:\/\/www.obispadorqta.org.ar\/v3\/congreso-provincial-de-educacion-de-gestion-privada-2\/","title":{"rendered":"Congreso Provincial de Educaci\u00f3n de Gesti\u00f3n Privada FORMULARIO DE INSCRIPCI\u00d3N"},"content":{"rendered":"<p style=\"text-align: justify;\">Compartimos m\u00e1s material en relaci\u00f3n al Congreso Provincial de Educaci\u00f3n de Gesti\u00f3n Privada a realizarse el d\u00eda 23 de septiembre en la \u00abSala Garay\u00bb del Colegio \u00abInmaculada Concepci\u00f3n\u00bb de la ciudad de Santa Fe, ubicada en calle San Mart\u00edn 1540, de 9:00 a 17:00 horas.\u00a0<\/p>\n<p>Asimismo compartimos con ustedes el link para acceder al formulario de inscripci\u00f3n para participar de este congreso:<\/p>\n<p><a href=\"https:\/\/bit.ly\/CongresoEGP\">https:\/\/bit.ly\/CongresoEGP<\/a><\/p>\n\n\n<figure class=\"wp-block-video\"><video height=\"480\" style=\"aspect-ratio: 854 \/ 480;\" width=\"854\" controls src=\"https:\/\/www.obispadorqta.org.ar\/v3\/wp-content\/uploads\/2022\/09\/VID-20220914-WA0022.mp4\"><\/video><figcaption>Pluralismo<\/figcaption><\/figure>\n\n\n\n<figure class=\"wp-block-video\"><video height=\"480\" style=\"aspect-ratio: 854 \/ 480;\" width=\"854\" controls src=\"https:\/\/www.obispadorqta.org.ar\/v3\/wp-content\/uploads\/2022\/09\/VID-20220914-WA0021.mp4\"><\/video><figcaption>Principio irrenunciable: el presupuesto<\/figcaption><\/figure>\n","protected":false},"excerpt":{"rendered":"<div class=\"mh-excerpt\"><p>Compartimos m\u00e1s material en relaci\u00f3n al Congreso Provincial de Educaci\u00f3n de Gesti\u00f3n Privada a realizarse el d\u00eda 23 de septiembre en la \u00abSala Garay\u00bb del <a class=\"mh-excerpt-more\" href=\"https:\/\/www.obispadorqta.org.ar\/v3\/congreso-provincial-de-educacion-de-gestion-privada-2\/\" title=\"Congreso Provincial de Educaci\u00f3n de Gesti\u00f3n Privada FORMULARIO DE INSCRIPCI\u00d3N\">[&#8230;]<\/a><\/p>\n<\/div>","protected":false},"author":2,"featured_media":8016,"comment_status":"closed","ping_status":"open","sticky":false,"template":"","format":"standard","meta":{"footnotes":""},"categories":[6,28],"tags":[],"class_list":["post-8044","post","type-post","status-publish","format-standard","has-post-thumbnail","hentry","category-news","category-latest-news"],"_links":{"self":[{"href":"https:\/\/www.obispadorqta.org.ar\/v3\/wp-json\/wp\/v2\/posts\/8044","targetHints":{"allow":["GET"]}}],"collection":[{"href":"https:\/\/www.obispadorqta.org.ar\/v3\/wp-json\/wp\/v2\/posts"}],"about":[{"href":"https:\/\/www.obispadorqta.org.ar\/v3\/wp-json\/wp\/v2\/types\/post"}],"author":[{"embeddable":true,"href":"https:\/\/www.obispadorqta.org.ar\/v3\/wp-json\/wp\/v2\/users\/2"}],"replies":[{"embeddable":true,"href":"https:\/\/www.obispadorqta.org.ar\/v3\/wp-json\/wp\/v2\/comments?post=8044"}],"version-history":[{"count":3,"href":"https:\/\/www.obispadorqta.org.ar\/v3\/wp-json\/wp\/v2\/posts\/8044\/revisions"}],"predecessor-version":[{"id":8050,"href":"https:\/\/www.obispadorqta.org.ar\/v3\/wp-json\/wp\/v2\/posts\/8044\/revisions\/8050"}],"wp:featuredmedia":[{"embeddable":true,"href":"https:\/\/www.obispadorqta.org.ar\/v3\/wp-json\/wp\/v2\/media\/8016"}],"wp:attachment":[{"href":"https:\/\/www.obispadorqta.org.ar\/v3\/wp-json\/wp\/v2\/media?parent=8044"}],"wp:term":[{"taxonomy":"category","embeddable":true,"href":"https:\/\/www.obispadorqta.org.ar\/v3\/wp-json\/wp\/v2\/categories?post=8044"},{"taxonomy":"post_tag","embeddable":true,"href":"https:\/\/www.obispadorqta.org.ar\/v3\/wp-json\/wp\/v2\/tags?post=8044"}],"curies":[{"name":"wp","href":"https:\/\/api.w.org\/{rel}","templated":true}]}}