{"id":8052,"date":"2022-09-21T10:07:13","date_gmt":"2022-09-21T13:07:13","guid":{"rendered":"http:\/\/www.obispadorqta.org.ar\/v3\/?p=8052"},"modified":"2022-09-21T10:07:52","modified_gmt":"2022-09-21T13:07:52","slug":"continuacion-mes-del-migrante","status":"publish","type":"post","link":"https:\/\/www.obispadorqta.org.ar\/v3\/continuacion-mes-del-migrante\/","title":{"rendered":"CONTINUACION MES DEL MIGRANTE"},"content":{"rendered":"<p style=\"text-align: justify;\">Durante el mes de setiembre contin\u00faa, adem\u00e1s del mes de la Biblia, nuestra atenci\u00f3n a la realidad de las migraciones. El \u00faltimo domingo la reflexi\u00f3n se concentr\u00f3 en el flagelo de la trata. Pr\u00f3ximamente ser\u00e1 el D\u00eda del Turismo.<\/p>\n<p style=\"text-align: justify;\">Para acompa\u00f1ar diferentes actividades, nuestro obispo, Mons. \u00c1ngel Jos\u00e9 Macin, Presidente de la CEMI, se encuentra en Bs As durante los primeros d\u00edas de la semana.<\/p>\n<p style=\"text-align: justify;\">Luego participar\u00e1 del Congreso Pedag\u00f3gico de ense\u00f1anza p\u00fablica de gesti\u00f3n privada en Santa Fe.<\/p>\n<p style=\"text-align: justify;\">Pedimos para nuestra di\u00f3cesis m\u00e1s sensibilidad y compromiso en estos temas.<\/p>\n","protected":false},"excerpt":{"rendered":"<div class=\"mh-excerpt\"><p>Durante el mes de setiembre contin\u00faa, adem\u00e1s del mes de la Biblia, nuestra atenci\u00f3n a la realidad de las migraciones. El \u00faltimo domingo la reflexi\u00f3n <a class=\"mh-excerpt-more\" href=\"https:\/\/www.obispadorqta.org.ar\/v3\/continuacion-mes-del-migrante\/\" title=\"CONTINUACION MES DEL MIGRANTE\">[&#8230;]<\/a><\/p>\n<\/div>","protected":false},"author":3,"featured_media":8053,"comment_status":"closed","ping_status":"open","sticky":false,"template":"","format":"standard","meta":{"footnotes":""},"categories":[6,28],"tags":[],"class_list":["post-8052","post","type-post","status-publish","format-standard","has-post-thumbnail","hentry","category-news","category-latest-news"],"_links":{"self":[{"href":"https:\/\/www.obispadorqta.org.ar\/v3\/wp-json\/wp\/v2\/posts\/8052","targetHints":{"allow":["GET"]}}],"collection":[{"href":"https:\/\/www.obispadorqta.org.ar\/v3\/wp-json\/wp\/v2\/posts"}],"about":[{"href":"https:\/\/www.obispadorqta.org.ar\/v3\/wp-json\/wp\/v2\/types\/post"}],"author":[{"embeddable":true,"href":"https:\/\/www.obispadorqta.org.ar\/v3\/wp-json\/wp\/v2\/users\/3"}],"replies":[{"embeddable":true,"href":"https:\/\/www.obispadorqta.org.ar\/v3\/wp-json\/wp\/v2\/comments?post=8052"}],"version-history":[{"count":1,"href":"https:\/\/www.obispadorqta.org.ar\/v3\/wp-json\/wp\/v2\/posts\/8052\/revisions"}],"predecessor-version":[{"id":8054,"href":"https:\/\/www.obispadorqta.org.ar\/v3\/wp-json\/wp\/v2\/posts\/8052\/revisions\/8054"}],"wp:featuredmedia":[{"embeddable":true,"href":"https:\/\/www.obispadorqta.org.ar\/v3\/wp-json\/wp\/v2\/media\/8053"}],"wp:attachment":[{"href":"https:\/\/www.obispadorqta.org.ar\/v3\/wp-json\/wp\/v2\/media?parent=8052"}],"wp:term":[{"taxonomy":"category","embeddable":true,"href":"https:\/\/www.obispadorqta.org.ar\/v3\/wp-json\/wp\/v2\/categories?post=8052"},{"taxonomy":"post_tag","embeddable":true,"href":"https:\/\/www.obispadorqta.org.ar\/v3\/wp-json\/wp\/v2\/tags?post=8052"}],"curies":[{"name":"wp","href":"https:\/\/api.w.org\/{rel}","templated":true}]}}