{"id":8055,"date":"2022-09-22T10:38:52","date_gmt":"2022-09-22T13:38:52","guid":{"rendered":"http:\/\/www.obispadorqta.org.ar\/v3\/?p=8055"},"modified":"2022-09-22T10:39:19","modified_gmt":"2022-09-22T13:39:19","slug":"fallecimiento-del-p-nicolas-grenon","status":"publish","type":"post","link":"https:\/\/www.obispadorqta.org.ar\/v3\/fallecimiento-del-p-nicolas-grenon\/","title":{"rendered":"Fallecimiento del P. Nicol\u00e1s Gren\u00f3n"},"content":{"rendered":"<p style=\"text-align: justify;\">El Obispado de Reconquista comunica con profundo pesar que en las \u00faltimas horas del d\u00eda de ayer, mi\u00e9rcoles 21 de septiembre de 2022, falleci\u00f3 a los 92 a\u00f1os de edad, el Pbro. Nicol\u00e1s Estanislao Gren\u00f3n, sacerdote incardinado en la Di\u00f3cesis de Reconquista que resid\u00eda en la ciudad de Esperanza, lugar de su natalicio.<\/p>\n<p style=\"text-align: justify;\">El Padre Gren\u00f3n, d\u00edas atr\u00e1s hab\u00eda sido internado en unos de los centros de salud de la ciudad de Esperanza con un estado de salud delicado. Trascurrido los d\u00edas los partes m\u00e9dicos indicaron el alta, decidiendo la familia para su especial cuidado y atenci\u00f3n radicarlo en \u201cel Hogar el Abuelo\u201d, en la localidad de Esperanza.<\/p>\n<p style=\"text-align: justify;\">A primeras horas de la madrugada del d\u00eda de hoy jueves los familiares informan su defunci\u00f3n debido a un paro card\u00edaco.<\/p>\n<p style=\"text-align: justify;\">El velatorio se realiza en la parroquia Sagrado Coraz\u00f3n de Jes\u00fas del Barrio Norte desde las 8 hs. La misa de exequias es de cuerpo presente a las 16 hs.<\/p>\n<p style=\"text-align: justify;\">Agradecemos y acompa\u00f1amos a todas las comunidades donde el Padre Nicol\u00e1s comparti\u00f3 su vida y ministerio sacerdotal; su modo de ser sacerdote marc\u00f3 huellas sembrando la semilla fecunda del evangelio que se extendi\u00f3 a lo largo de toda la di\u00f3cesis de Reconquista.<\/p>\n<p style=\"text-align: justify;\">Como Iglesia Particular elevamos nuestra oraci\u00f3n al Buen Pastor Resucitado y le pedimos por su eterno descanso.<\/p>\n<p style=\"text-align: justify;\">\n","protected":false},"excerpt":{"rendered":"<div class=\"mh-excerpt\"><p>El Obispado de Reconquista comunica con profundo pesar que en las \u00faltimas horas del d\u00eda de ayer, mi\u00e9rcoles 21 de septiembre de 2022, falleci\u00f3 a <a class=\"mh-excerpt-more\" href=\"https:\/\/www.obispadorqta.org.ar\/v3\/fallecimiento-del-p-nicolas-grenon\/\" title=\"Fallecimiento del P. Nicol\u00e1s Gren\u00f3n\">[&#8230;]<\/a><\/p>\n<\/div>","protected":false},"author":3,"featured_media":8061,"comment_status":"closed","ping_status":"open","sticky":false,"template":"","format":"standard","meta":{"footnotes":""},"categories":[6,28],"tags":[],"class_list":["post-8055","post","type-post","status-publish","format-standard","has-post-thumbnail","hentry","category-news","category-latest-news"],"_links":{"self":[{"href":"https:\/\/www.obispadorqta.org.ar\/v3\/wp-json\/wp\/v2\/posts\/8055","targetHints":{"allow":["GET"]}}],"collection":[{"href":"https:\/\/www.obispadorqta.org.ar\/v3\/wp-json\/wp\/v2\/posts"}],"about":[{"href":"https:\/\/www.obispadorqta.org.ar\/v3\/wp-json\/wp\/v2\/types\/post"}],"author":[{"embeddable":true,"href":"https:\/\/www.obispadorqta.org.ar\/v3\/wp-json\/wp\/v2\/users\/3"}],"replies":[{"embeddable":true,"href":"https:\/\/www.obispadorqta.org.ar\/v3\/wp-json\/wp\/v2\/comments?post=8055"}],"version-history":[{"count":2,"href":"https:\/\/www.obispadorqta.org.ar\/v3\/wp-json\/wp\/v2\/posts\/8055\/revisions"}],"predecessor-version":[{"id":8059,"href":"https:\/\/www.obispadorqta.org.ar\/v3\/wp-json\/wp\/v2\/posts\/8055\/revisions\/8059"}],"wp:featuredmedia":[{"embeddable":true,"href":"https:\/\/www.obispadorqta.org.ar\/v3\/wp-json\/wp\/v2\/media\/8061"}],"wp:attachment":[{"href":"https:\/\/www.obispadorqta.org.ar\/v3\/wp-json\/wp\/v2\/media?parent=8055"}],"wp:term":[{"taxonomy":"category","embeddable":true,"href":"https:\/\/www.obispadorqta.org.ar\/v3\/wp-json\/wp\/v2\/categories?post=8055"},{"taxonomy":"post_tag","embeddable":true,"href":"https:\/\/www.obispadorqta.org.ar\/v3\/wp-json\/wp\/v2\/tags?post=8055"}],"curies":[{"name":"wp","href":"https:\/\/api.w.org\/{rel}","templated":true}]}}