{"id":8062,"date":"2022-09-26T10:38:02","date_gmt":"2022-09-26T13:38:02","guid":{"rendered":"http:\/\/www.obispadorqta.org.ar\/v3\/?p=8062"},"modified":"2022-09-26T10:38:29","modified_gmt":"2022-09-26T13:38:29","slug":"campana-internacional-de-40-dias-por-la-vida-2","status":"publish","type":"post","link":"https:\/\/www.obispadorqta.org.ar\/v3\/campana-internacional-de-40-dias-por-la-vida-2\/","title":{"rendered":"Campa\u00f1a Internacional de 40 D\u00edas por la Vida"},"content":{"rendered":"<p style=\"text-align: justify;\"><span style=\"color: #000000;\">Del 28 de Septiembre al 06 de Noviembre, nuestra comunidad se unir\u00e1 con ciudades de costa a costa del mundo entero en una movilizaci\u00f3n simult\u00e1nea a favor de la vida: <strong><em>La campa\u00f1a Internacional de 40 D\u00edas por la Vida<\/em><\/strong>. Los fieles creyentes se unen en oraci\u00f3n para que este esfuerzo marque el comienzo del fin del aborto.<img loading=\"lazy\" decoding=\"async\" class=\"aligncenter  wp-image-8063\" src=\"https:\/\/www.obispadorqta.org.ar\/v3\/wp-content\/uploads\/2022\/09\/folleto-1.jpg\" alt=\"\" width=\"482\" height=\"696\" srcset=\"https:\/\/www.obispadorqta.org.ar\/v3\/wp-content\/uploads\/2022\/09\/folleto-1.jpg 720w, https:\/\/www.obispadorqta.org.ar\/v3\/wp-content\/uploads\/2022\/09\/folleto-1-208x300.jpg 208w, https:\/\/www.obispadorqta.org.ar\/v3\/wp-content\/uploads\/2022\/09\/folleto-1-709x1024.jpg 709w\" sizes=\"auto, (max-width: 482px) 100vw, 482px\" \/><\/span><\/p>\n<p style=\"text-align: justify;\"><span style=\"color: #000000;\">40 D\u00edas por la Vida es una campa\u00f1a enfocada a favor de la vida que en los \u00faltimos a\u00f1os ha generado resultados medibles en vidas salvadas en cada comunidad en la que se ha llevado a cabo. Es un esfuerzo ecum\u00e9nico centrado en la Fe basado en tres componentes clave: <\/span><br \/><span style=\"color: #000000;\"><strong>* Oraci\u00f3n y Ayuno<\/strong>: invitando a los creyentes y personas de fe alrededor de nuestra ciudad a unirse en oraci\u00f3n fervorosa y ayuno por el fin del aborto. <\/span><br \/><span style=\"color: #000000;\"><strong>* Vigilia Pac\u00edfica:<\/strong> Promulgarse a favor de la vida dando testimonio p\u00fablico de paz durante 40 d\u00edas afuera del Hospital Central Reconquista. <\/span><br \/><span style=\"color: #000000;\"><strong>* Alcance comunitario:<\/strong> Llevar un mensaje positivo y entusiasta a cada rinc\u00f3n de nuestra ciudad mediante esfuerzos con los medios de comunicaci\u00f3n, presentaciones en las iglesias, invitaci\u00f3n de puerta en puerta y visibilidad p\u00fablica.<\/span><\/p>\n<p style=\"text-align: justify;\"><span style=\"color: #000000;\">Para mayores informaci\u00f3n sobre c\u00f3mo inscribirse, comunicase a los tel\u00e9fonos 3482-668224\u00a0 (M\u00f3nica), 3482-619442 (Norma), o 3482-687684 (Iris)<\/span><\/p>\n\n\n<p><\/p>\n","protected":false},"excerpt":{"rendered":"<div class=\"mh-excerpt\"><p>Del 28 de Septiembre al 06 de Noviembre, nuestra comunidad se unir\u00e1 con ciudades de costa a costa del mundo entero en una movilizaci\u00f3n simult\u00e1nea <a class=\"mh-excerpt-more\" href=\"https:\/\/www.obispadorqta.org.ar\/v3\/campana-internacional-de-40-dias-por-la-vida-2\/\" title=\"Campa\u00f1a Internacional de 40 D\u00edas por la Vida\">[&#8230;]<\/a><\/p>\n<\/div>","protected":false},"author":3,"featured_media":8067,"comment_status":"closed","ping_status":"open","sticky":false,"template":"","format":"standard","meta":{"footnotes":""},"categories":[6,28],"tags":[],"class_list":["post-8062","post","type-post","status-publish","format-standard","has-post-thumbnail","hentry","category-news","category-latest-news"],"_links":{"self":[{"href":"https:\/\/www.obispadorqta.org.ar\/v3\/wp-json\/wp\/v2\/posts\/8062","targetHints":{"allow":["GET"]}}],"collection":[{"href":"https:\/\/www.obispadorqta.org.ar\/v3\/wp-json\/wp\/v2\/posts"}],"about":[{"href":"https:\/\/www.obispadorqta.org.ar\/v3\/wp-json\/wp\/v2\/types\/post"}],"author":[{"embeddable":true,"href":"https:\/\/www.obispadorqta.org.ar\/v3\/wp-json\/wp\/v2\/users\/3"}],"replies":[{"embeddable":true,"href":"https:\/\/www.obispadorqta.org.ar\/v3\/wp-json\/wp\/v2\/comments?post=8062"}],"version-history":[{"count":1,"href":"https:\/\/www.obispadorqta.org.ar\/v3\/wp-json\/wp\/v2\/posts\/8062\/revisions"}],"predecessor-version":[{"id":8065,"href":"https:\/\/www.obispadorqta.org.ar\/v3\/wp-json\/wp\/v2\/posts\/8062\/revisions\/8065"}],"wp:featuredmedia":[{"embeddable":true,"href":"https:\/\/www.obispadorqta.org.ar\/v3\/wp-json\/wp\/v2\/media\/8067"}],"wp:attachment":[{"href":"https:\/\/www.obispadorqta.org.ar\/v3\/wp-json\/wp\/v2\/media?parent=8062"}],"wp:term":[{"taxonomy":"category","embeddable":true,"href":"https:\/\/www.obispadorqta.org.ar\/v3\/wp-json\/wp\/v2\/categories?post=8062"},{"taxonomy":"post_tag","embeddable":true,"href":"https:\/\/www.obispadorqta.org.ar\/v3\/wp-json\/wp\/v2\/tags?post=8062"}],"curies":[{"name":"wp","href":"https:\/\/api.w.org\/{rel}","templated":true}]}}