{"id":8068,"date":"2022-09-26T12:01:39","date_gmt":"2022-09-26T15:01:39","guid":{"rendered":"http:\/\/www.obispadorqta.org.ar\/v3\/?p=8068"},"modified":"2022-09-26T12:02:07","modified_gmt":"2022-09-26T15:02:07","slug":"votos-perpetuos-carmelita-descalza","status":"publish","type":"post","link":"https:\/\/www.obispadorqta.org.ar\/v3\/votos-perpetuos-carmelita-descalza\/","title":{"rendered":"Votos perpetuos Carmelita Descalza"},"content":{"rendered":"<p style=\"text-align: justify;\"><span style=\"color: #000000;\"><em>Estamos de fiesta con Jes\u00fas y queremos compartirla con ustedes, una hija de la Iglesia, Margor Silvero, respondiendo al amor de Jes\u00fas que la llama a seguirlo desde su peque\u00f1ez, confiada en las maravillas que obra el Se\u00f1o, dar\u00e1 su SI para siempre, consagrado su vida en el Carmelo.<\/em><\/span><\/p>\n<p style=\"text-align: justify;\"><span style=\"color: #000000;\">La Comunidad de Carmelitas Descalzas invita a la Consagraci\u00f3n Definitiva de nuestra hermana Margot de Cristo, el d\u00eda 01 de octubre de 2022 a las 16 hs. en la Capilla del Monasterio San Jos\u00e9 de Reconquista (Barrio Laceros del Sauce). La celebraci\u00f3n de la Misa ser\u00e1 presidida por Mons. \u00c1ngel Jos\u00e9 Mac\u00edn.<\/span><\/p>\n<p style=\"text-align: justify;\"><span style=\"color: #000000;\">Luego de la ceremonia se compartir\u00e1 un \u00e1gape fraterno, traer algo para compartir.<\/span><\/p>\n","protected":false},"excerpt":{"rendered":"<div class=\"mh-excerpt\"><p>Estamos de fiesta con Jes\u00fas y queremos compartirla con ustedes, una hija de la Iglesia, Margor Silvero, respondiendo al amor de Jes\u00fas que la llama <a class=\"mh-excerpt-more\" href=\"https:\/\/www.obispadorqta.org.ar\/v3\/votos-perpetuos-carmelita-descalza\/\" title=\"Votos perpetuos Carmelita Descalza\">[&#8230;]<\/a><\/p>\n<\/div>","protected":false},"author":3,"featured_media":8072,"comment_status":"closed","ping_status":"open","sticky":false,"template":"","format":"standard","meta":{"footnotes":""},"categories":[6,28],"tags":[],"class_list":["post-8068","post","type-post","status-publish","format-standard","has-post-thumbnail","hentry","category-news","category-latest-news"],"_links":{"self":[{"href":"https:\/\/www.obispadorqta.org.ar\/v3\/wp-json\/wp\/v2\/posts\/8068","targetHints":{"allow":["GET"]}}],"collection":[{"href":"https:\/\/www.obispadorqta.org.ar\/v3\/wp-json\/wp\/v2\/posts"}],"about":[{"href":"https:\/\/www.obispadorqta.org.ar\/v3\/wp-json\/wp\/v2\/types\/post"}],"author":[{"embeddable":true,"href":"https:\/\/www.obispadorqta.org.ar\/v3\/wp-json\/wp\/v2\/users\/3"}],"replies":[{"embeddable":true,"href":"https:\/\/www.obispadorqta.org.ar\/v3\/wp-json\/wp\/v2\/comments?post=8068"}],"version-history":[{"count":1,"href":"https:\/\/www.obispadorqta.org.ar\/v3\/wp-json\/wp\/v2\/posts\/8068\/revisions"}],"predecessor-version":[{"id":8070,"href":"https:\/\/www.obispadorqta.org.ar\/v3\/wp-json\/wp\/v2\/posts\/8068\/revisions\/8070"}],"wp:featuredmedia":[{"embeddable":true,"href":"https:\/\/www.obispadorqta.org.ar\/v3\/wp-json\/wp\/v2\/media\/8072"}],"wp:attachment":[{"href":"https:\/\/www.obispadorqta.org.ar\/v3\/wp-json\/wp\/v2\/media?parent=8068"}],"wp:term":[{"taxonomy":"category","embeddable":true,"href":"https:\/\/www.obispadorqta.org.ar\/v3\/wp-json\/wp\/v2\/categories?post=8068"},{"taxonomy":"post_tag","embeddable":true,"href":"https:\/\/www.obispadorqta.org.ar\/v3\/wp-json\/wp\/v2\/tags?post=8068"}],"curies":[{"name":"wp","href":"https:\/\/api.w.org\/{rel}","templated":true}]}}