{"id":8076,"date":"2022-09-29T17:17:05","date_gmt":"2022-09-29T20:17:05","guid":{"rendered":"http:\/\/www.obispadorqta.org.ar\/v3\/?p=8076"},"modified":"2022-09-29T17:17:10","modified_gmt":"2022-09-29T20:17:10","slug":"1a-ultreya-m-c-c","status":"publish","type":"post","link":"https:\/\/www.obispadorqta.org.ar\/v3\/1a-ultreya-m-c-c\/","title":{"rendered":"1\u00aa Ultreya M.C.C"},"content":{"rendered":"<p style=\"text-align: justify;\">El Movimiento de Cursillos de Cristiandad, invita a participar de la 1\u00aa Ultreya que se llevar\u00e1 a cabo este domingo 02 de octubre, en el Sal\u00f3n Parroquial de la localidad de La Sarita, calle P. A. Pergolessi, Ruta 96 s, parroquia \u00abLa Encarnaci\u00f3n del Se\u00f1or\u00bb, desde las 09 hs.<\/p>\n<p style=\"text-align: justify;\">Luego de la recepci\u00f3n, se realizara la Celebraci\u00f3n Eucar\u00edstica y un compartir fraterno entre los asistentes. Se recomienda confirmar la participaci\u00f3n al Tel: 3482- 603133.<\/p>\n<p style=\"text-align: justify;\">Encomendamos nuestras oraciones por los frutos de este encuentro y el trabajo del Movimiento de Cursillos de Cristiandad.<\/p>\n","protected":false},"excerpt":{"rendered":"<div class=\"mh-excerpt\"><p>El Movimiento de Cursillos de Cristiandad, invita a participar de la 1\u00aa Ultreya que se llevar\u00e1 a cabo este domingo 02 de octubre, en el <a class=\"mh-excerpt-more\" href=\"https:\/\/www.obispadorqta.org.ar\/v3\/1a-ultreya-m-c-c\/\" title=\"1\u00aa Ultreya M.C.C\">[&#8230;]<\/a><\/p>\n<\/div>","protected":false},"author":2,"featured_media":8077,"comment_status":"closed","ping_status":"open","sticky":false,"template":"","format":"standard","meta":{"footnotes":""},"categories":[6,28],"tags":[],"class_list":["post-8076","post","type-post","status-publish","format-standard","has-post-thumbnail","hentry","category-news","category-latest-news"],"_links":{"self":[{"href":"https:\/\/www.obispadorqta.org.ar\/v3\/wp-json\/wp\/v2\/posts\/8076","targetHints":{"allow":["GET"]}}],"collection":[{"href":"https:\/\/www.obispadorqta.org.ar\/v3\/wp-json\/wp\/v2\/posts"}],"about":[{"href":"https:\/\/www.obispadorqta.org.ar\/v3\/wp-json\/wp\/v2\/types\/post"}],"author":[{"embeddable":true,"href":"https:\/\/www.obispadorqta.org.ar\/v3\/wp-json\/wp\/v2\/users\/2"}],"replies":[{"embeddable":true,"href":"https:\/\/www.obispadorqta.org.ar\/v3\/wp-json\/wp\/v2\/comments?post=8076"}],"version-history":[{"count":2,"href":"https:\/\/www.obispadorqta.org.ar\/v3\/wp-json\/wp\/v2\/posts\/8076\/revisions"}],"predecessor-version":[{"id":8079,"href":"https:\/\/www.obispadorqta.org.ar\/v3\/wp-json\/wp\/v2\/posts\/8076\/revisions\/8079"}],"wp:featuredmedia":[{"embeddable":true,"href":"https:\/\/www.obispadorqta.org.ar\/v3\/wp-json\/wp\/v2\/media\/8077"}],"wp:attachment":[{"href":"https:\/\/www.obispadorqta.org.ar\/v3\/wp-json\/wp\/v2\/media?parent=8076"}],"wp:term":[{"taxonomy":"category","embeddable":true,"href":"https:\/\/www.obispadorqta.org.ar\/v3\/wp-json\/wp\/v2\/categories?post=8076"},{"taxonomy":"post_tag","embeddable":true,"href":"https:\/\/www.obispadorqta.org.ar\/v3\/wp-json\/wp\/v2\/tags?post=8076"}],"curies":[{"name":"wp","href":"https:\/\/api.w.org\/{rel}","templated":true}]}}