{"id":8103,"date":"2022-10-03T10:14:51","date_gmt":"2022-10-03T13:14:51","guid":{"rendered":"http:\/\/www.obispadorqta.org.ar\/v3\/?p=8103"},"modified":"2022-10-04T10:16:26","modified_gmt":"2022-10-04T13:16:26","slug":"festejo-de-los-30-anos-de-los-grupos-biblicos","status":"publish","type":"post","link":"https:\/\/www.obispadorqta.org.ar\/v3\/festejo-de-los-30-anos-de-los-grupos-biblicos\/","title":{"rendered":"30 a\u00f1os de los Grupos B\u00edblicos Parroquia Villa Ocampo"},"content":{"rendered":"<p style=\"text-align: justify;\"><span style=\"font-weight: 400; color: #000000;\">Con un gran clima de alegr\u00eda, se dieron cita en el sal\u00f3n Parroquial, los diferentes grupos b\u00edblicos de la zona, para festejar estos 30 a\u00f1os de vivir a la luz de la Palabra de Dios. <img loading=\"lazy\" decoding=\"async\" class=\"aligncenter size-full wp-image-8107\" src=\"https:\/\/www.obispadorqta.org.ar\/v3\/wp-content\/uploads\/2022\/10\/IMG-20221004-WA0005.jpg\" alt=\"\" width=\"1600\" height=\"900\" srcset=\"https:\/\/www.obispadorqta.org.ar\/v3\/wp-content\/uploads\/2022\/10\/IMG-20221004-WA0005.jpg 1600w, https:\/\/www.obispadorqta.org.ar\/v3\/wp-content\/uploads\/2022\/10\/IMG-20221004-WA0005-300x169.jpg 300w, https:\/\/www.obispadorqta.org.ar\/v3\/wp-content\/uploads\/2022\/10\/IMG-20221004-WA0005-1024x576.jpg 1024w, https:\/\/www.obispadorqta.org.ar\/v3\/wp-content\/uploads\/2022\/10\/IMG-20221004-WA0005-768x432.jpg 768w, https:\/\/www.obispadorqta.org.ar\/v3\/wp-content\/uploads\/2022\/10\/IMG-20221004-WA0005-1536x864.jpg 1536w, https:\/\/www.obispadorqta.org.ar\/v3\/wp-content\/uploads\/2022\/10\/IMG-20221004-WA0005-678x381.jpg 678w\" sizes=\"auto, (max-width: 1600px) 100vw, 1600px\" \/><\/span><\/p>\n<p style=\"text-align: justify;\"><span style=\"color: #000000;\"><span style=\"font-weight: 400;\">Bajo el lema: <\/span><i><span style=\"font-weight: 400;\">\u201cLa Palabra de Dios nos llama a renovar nuestro compromiso de caminar juntos\u201d.<\/span><\/i><\/span><\/p>\n<p><img loading=\"lazy\" decoding=\"async\" class=\"aligncenter size-full wp-image-8106\" src=\"https:\/\/www.obispadorqta.org.ar\/v3\/wp-content\/uploads\/2022\/10\/IMG-20221004-WA0006.jpg\" alt=\"\" width=\"1152\" height=\"532\" srcset=\"https:\/\/www.obispadorqta.org.ar\/v3\/wp-content\/uploads\/2022\/10\/IMG-20221004-WA0006.jpg 1152w, https:\/\/www.obispadorqta.org.ar\/v3\/wp-content\/uploads\/2022\/10\/IMG-20221004-WA0006-300x139.jpg 300w, https:\/\/www.obispadorqta.org.ar\/v3\/wp-content\/uploads\/2022\/10\/IMG-20221004-WA0006-1024x473.jpg 1024w, https:\/\/www.obispadorqta.org.ar\/v3\/wp-content\/uploads\/2022\/10\/IMG-20221004-WA0006-768x355.jpg 768w\" sizes=\"auto, (max-width: 1152px) 100vw, 1152px\" \/><\/p>\n<p style=\"text-align: justify;\"><span style=\"color: #000000;\"><span style=\"font-weight: 400;\">Se trabaj\u00f3 por grupos a la luz del s\u00ednodo que como iglesia venimos rezando. En la Eucarist\u00eda se presentaron las resonancias de lo trabajado. Dejando en la mesa del altar todos los deseos de crecer en la fe y la comuni\u00f3n, anim\u00e1ndose a compartir con otros la Palabra de Dios. <img loading=\"lazy\" decoding=\"async\" class=\"aligncenter  wp-image-8108\" src=\"https:\/\/www.obispadorqta.org.ar\/v3\/wp-content\/uploads\/2022\/10\/IMG-20221004-WA0009.jpg\" alt=\"\" width=\"525\" height=\"665\" srcset=\"https:\/\/www.obispadorqta.org.ar\/v3\/wp-content\/uploads\/2022\/10\/IMG-20221004-WA0009.jpg 702w, https:\/\/www.obispadorqta.org.ar\/v3\/wp-content\/uploads\/2022\/10\/IMG-20221004-WA0009-237x300.jpg 237w\" sizes=\"auto, (max-width: 525px) 100vw, 525px\" \/><\/span><\/span><\/p>\n","protected":false},"excerpt":{"rendered":"<div class=\"mh-excerpt\"><p>Con un gran clima de alegr\u00eda, se dieron cita en el sal\u00f3n Parroquial, los diferentes grupos b\u00edblicos de la zona, para festejar estos 30 a\u00f1os <a class=\"mh-excerpt-more\" href=\"https:\/\/www.obispadorqta.org.ar\/v3\/festejo-de-los-30-anos-de-los-grupos-biblicos\/\" title=\"30 a\u00f1os de los Grupos B\u00edblicos Parroquia Villa Ocampo\">[&#8230;]<\/a><\/p>\n<\/div>","protected":false},"author":3,"featured_media":8104,"comment_status":"closed","ping_status":"open","sticky":false,"template":"","format":"standard","meta":{"footnotes":""},"categories":[6,28],"tags":[],"class_list":["post-8103","post","type-post","status-publish","format-standard","has-post-thumbnail","hentry","category-news","category-latest-news"],"_links":{"self":[{"href":"https:\/\/www.obispadorqta.org.ar\/v3\/wp-json\/wp\/v2\/posts\/8103","targetHints":{"allow":["GET"]}}],"collection":[{"href":"https:\/\/www.obispadorqta.org.ar\/v3\/wp-json\/wp\/v2\/posts"}],"about":[{"href":"https:\/\/www.obispadorqta.org.ar\/v3\/wp-json\/wp\/v2\/types\/post"}],"author":[{"embeddable":true,"href":"https:\/\/www.obispadorqta.org.ar\/v3\/wp-json\/wp\/v2\/users\/3"}],"replies":[{"embeddable":true,"href":"https:\/\/www.obispadorqta.org.ar\/v3\/wp-json\/wp\/v2\/comments?post=8103"}],"version-history":[{"count":3,"href":"https:\/\/www.obispadorqta.org.ar\/v3\/wp-json\/wp\/v2\/posts\/8103\/revisions"}],"predecessor-version":[{"id":8110,"href":"https:\/\/www.obispadorqta.org.ar\/v3\/wp-json\/wp\/v2\/posts\/8103\/revisions\/8110"}],"wp:featuredmedia":[{"embeddable":true,"href":"https:\/\/www.obispadorqta.org.ar\/v3\/wp-json\/wp\/v2\/media\/8104"}],"wp:attachment":[{"href":"https:\/\/www.obispadorqta.org.ar\/v3\/wp-json\/wp\/v2\/media?parent=8103"}],"wp:term":[{"taxonomy":"category","embeddable":true,"href":"https:\/\/www.obispadorqta.org.ar\/v3\/wp-json\/wp\/v2\/categories?post=8103"},{"taxonomy":"post_tag","embeddable":true,"href":"https:\/\/www.obispadorqta.org.ar\/v3\/wp-json\/wp\/v2\/tags?post=8103"}],"curies":[{"name":"wp","href":"https:\/\/api.w.org\/{rel}","templated":true}]}}