{"id":8112,"date":"2022-10-11T10:01:05","date_gmt":"2022-10-11T13:01:05","guid":{"rendered":"http:\/\/www.obispadorqta.org.ar\/v3\/?p=8112"},"modified":"2022-10-11T10:03:04","modified_gmt":"2022-10-11T13:03:04","slug":"peregrinacion-de-la-virgen-de-lujan-familia-grande-hogar-de-cristo","status":"publish","type":"post","link":"https:\/\/www.obispadorqta.org.ar\/v3\/peregrinacion-de-la-virgen-de-lujan-familia-grande-hogar-de-cristo\/","title":{"rendered":"Familia Grande Hogar de Cristo &#8211; Peregrinaci\u00f3n de la Virgen de Luj\u00e1n"},"content":{"rendered":"<p style=\"text-align: justify;\"><span style=\"color: #000000;\">La instituci\u00f3n de los Hogares de Cristo, en el marco de la Peregrinaci\u00f3n de la Virgen de Lujan y en v\u00edsperas del aniversario de los 15 a\u00f1os de la organizaci\u00f3n que preside el padre Jos\u00e9 Mar\u00eda \u201cPepe\u201d Di Paolo, convoca a un encuentro a nivel bajo el lema de<strong> <em>\u201cNI UN PIBE MENOS POR LA DROGA\u201d<\/em>,<\/strong> este abarca todo el arco social de la Argentina, en donde todos pueden sentirse parte de esta campa\u00f1a. <\/span><span style=\"color: #000000;\">Lo que la organizaci\u00f3n quiere lograr mediante esta frase, es que recorra desde Buenos Aires hasta todo el interior del pa\u00eds, para tomar conciencia de que la uni\u00f3n de los argentinos, har\u00eda un bien a muchos hermanos.<\/span><\/p>\n<p style=\"text-align: justify;\"><span style=\"color: #000000;\">La Virgen de Lujan, a la cual hace referencia el nombre de la peregrinaci\u00f3n, visitara diferentes Centros Barriales y Pastorales del pa\u00eds, en donde quienes lleguen junto a Ella, acompa\u00f1aran a los Referentes de los puntos de encuentro, en distintas actividades a realizar, como: misi\u00f3n en lugares de dolor, barrio popular, c\u00e1rcel, misas, eventos de festejo con la comunidad en general, etc.<\/span><\/p>\n<p style=\"text-align: justify;\"><span style=\"color: #000000;\"> <img loading=\"lazy\" decoding=\"async\" class=\"aligncenter size-full wp-image-8113\" src=\"https:\/\/www.obispadorqta.org.ar\/v3\/wp-content\/uploads\/2022\/10\/IMG-20221010-WA0008.jpg\" alt=\"\" width=\"908\" height=\"1280\" srcset=\"https:\/\/www.obispadorqta.org.ar\/v3\/wp-content\/uploads\/2022\/10\/IMG-20221010-WA0008.jpg 908w, https:\/\/www.obispadorqta.org.ar\/v3\/wp-content\/uploads\/2022\/10\/IMG-20221010-WA0008-213x300.jpg 213w, https:\/\/www.obispadorqta.org.ar\/v3\/wp-content\/uploads\/2022\/10\/IMG-20221010-WA0008-726x1024.jpg 726w, https:\/\/www.obispadorqta.org.ar\/v3\/wp-content\/uploads\/2022\/10\/IMG-20221010-WA0008-768x1083.jpg 768w\" sizes=\"auto, (max-width: 908px) 100vw, 908px\" \/><\/span><\/p>\n<p style=\"text-align: justify;\"><span style=\"color: #000000;\">En nuestra ciudad de Reconquista, quienes recibir\u00e1n y estar\u00e1n encargados de dichas actividades,&nbsp; junto a los peregrinos, ser\u00e1n los referentes del \u201cCentro Barrial San Oscar Romero\u201d, junto a su equipo y comunidad de j\u00f3venes que se encuentran transitando el camino de rehabilitaci\u00f3n.<\/span><\/p>\n<p style=\"text-align: justify;\"><span style=\"color: #000000;\">Dicho evento, es de gran importancia para la comunidad de Centros Barriales de nuestra ciudad y para todos los j\u00f3venes, familias y ni\u00f1os que esta&nbsp; acompa\u00f1amos.<\/span><\/p>\n<div style=\"width: 810px;\" class=\"wp-video\"><video class=\"wp-video-shortcode\" id=\"video-8112-1\" width=\"810\" height=\"1440\" preload=\"metadata\" controls=\"controls\"><source type=\"video\/mp4\" src=\"https:\/\/www.obispadorqta.org.ar\/v3\/wp-content\/uploads\/2022\/10\/VID-20221009-WA0003.mp4?_=1\" \/><a href=\"https:\/\/www.obispadorqta.org.ar\/v3\/wp-content\/uploads\/2022\/10\/VID-20221009-WA0003.mp4\">https:\/\/www.obispadorqta.org.ar\/v3\/wp-content\/uploads\/2022\/10\/VID-20221009-WA0003.mp4<\/a><\/video><\/div>\n","protected":false},"excerpt":{"rendered":"<div class=\"mh-excerpt\"><p>La instituci\u00f3n de los Hogares de Cristo, en el marco de la Peregrinaci\u00f3n de la Virgen de Lujan y en v\u00edsperas del aniversario de los <a class=\"mh-excerpt-more\" href=\"https:\/\/www.obispadorqta.org.ar\/v3\/peregrinacion-de-la-virgen-de-lujan-familia-grande-hogar-de-cristo\/\" title=\"Familia Grande Hogar de Cristo &#8211; Peregrinaci\u00f3n de la Virgen de Luj\u00e1n\">[&#8230;]<\/a><\/p>\n<\/div>","protected":false},"author":3,"featured_media":8118,"comment_status":"closed","ping_status":"open","sticky":false,"template":"","format":"standard","meta":{"footnotes":""},"categories":[6,28],"tags":[],"class_list":["post-8112","post","type-post","status-publish","format-standard","has-post-thumbnail","hentry","category-news","category-latest-news"],"_links":{"self":[{"href":"https:\/\/www.obispadorqta.org.ar\/v3\/wp-json\/wp\/v2\/posts\/8112","targetHints":{"allow":["GET"]}}],"collection":[{"href":"https:\/\/www.obispadorqta.org.ar\/v3\/wp-json\/wp\/v2\/posts"}],"about":[{"href":"https:\/\/www.obispadorqta.org.ar\/v3\/wp-json\/wp\/v2\/types\/post"}],"author":[{"embeddable":true,"href":"https:\/\/www.obispadorqta.org.ar\/v3\/wp-json\/wp\/v2\/users\/3"}],"replies":[{"embeddable":true,"href":"https:\/\/www.obispadorqta.org.ar\/v3\/wp-json\/wp\/v2\/comments?post=8112"}],"version-history":[{"count":3,"href":"https:\/\/www.obispadorqta.org.ar\/v3\/wp-json\/wp\/v2\/posts\/8112\/revisions"}],"predecessor-version":[{"id":8119,"href":"https:\/\/www.obispadorqta.org.ar\/v3\/wp-json\/wp\/v2\/posts\/8112\/revisions\/8119"}],"wp:featuredmedia":[{"embeddable":true,"href":"https:\/\/www.obispadorqta.org.ar\/v3\/wp-json\/wp\/v2\/media\/8118"}],"wp:attachment":[{"href":"https:\/\/www.obispadorqta.org.ar\/v3\/wp-json\/wp\/v2\/media?parent=8112"}],"wp:term":[{"taxonomy":"category","embeddable":true,"href":"https:\/\/www.obispadorqta.org.ar\/v3\/wp-json\/wp\/v2\/categories?post=8112"},{"taxonomy":"post_tag","embeddable":true,"href":"https:\/\/www.obispadorqta.org.ar\/v3\/wp-json\/wp\/v2\/tags?post=8112"}],"curies":[{"name":"wp","href":"https:\/\/api.w.org\/{rel}","templated":true}]}}